{"id":7248,"date":"2025-06-17T13:24:36","date_gmt":"2025-06-17T16:24:36","guid":{"rendered":"https:\/\/fmtinkunaco.ar\/?p=7248"},"modified":"2025-06-17T13:24:36","modified_gmt":"2025-06-17T16:24:36","slug":"la-aldea-serpaj-pilar-repudia-el-cierre-del-camino-por-parte-de-la-municipalidad-el-camino-es-para-todxs-la-calle-es-de-quien-la-vive","status":"publish","type":"post","link":"https:\/\/fmtinkunaco.ar\/?p=7248","title":{"rendered":"La Aldea SERPAJ Pilar repudia el cierre del camino por parte de la Municipalidad \u201cEl camino es para todxs, la calle es de quien la vive\u201d"},"content":{"rendered":"\n<p>La comunidad educativa de la Aldea de SERPAJ Pilar reclama la reapertura del camino peatonal y vehicular, el cual fue obstaculizado de manera arbitraria por la Municipalidad de Pilar.<\/p>\n\n\n\n<p>El Servicio Paz y Justicia (SERPAJ) de Argentina es una organizaci\u00f3n social que cuenta con una sede en Pilar, a la cual se ingresa por el Instituto Carlos Pellegrini. Esta Sede llamada La Aldea brinda talleres de formaci\u00f3n para j\u00f3venes entre 14 y 17 a\u00f1os en situaciones de vulnerabilidad.<\/p>\n\n\n\n<p>Paola N\u00fa\u00f1ez, integrante de la Aldea Serpaj de Pilar, explicaba \u201c<em>El predio es enorme, funciona como un polo educativo, que esta la universidad pedag\u00f3gica, funciona el CBC de la UBA, y yendo por un caminito se llega al espacio de la Aldea. Hace una semana nos encontramos con un cierre del paso vehicular y con un achicamiento y restricci\u00f3n del paso de los j\u00f3venes que acceden a los talleres de la aldea, nos desv\u00edan totalmente del camino que ven\u00edamos transitando hace 22 a\u00f1os\u201d.<\/em><\/p>\n\n\n\n<p>Los estudiantes reclaman que el camino al cual son desviados es intransitable por el barro que ocasionan las obras de la Universidad. Sobre la respuesta de las autoridades, N\u00fa\u00f1ez mencionaba \u201c<em>Se trat\u00f3 de hablar con las autoridades que regulan ah\u00ed todo lo que es el predio del instituto Pellegrini y no hubo mucha escucha, se baj\u00f3 esta indicaci\u00f3n y ya est\u00e1. Como que hay que habituarse al nuevo programa, cuando nosotros manifestamos que no es lo correcto, porque justamente ante alg\u00fan imprevisto, una urgencia (&#8230;) Nos avisaron que iban a empezar las obras, pero no especifican bien qu\u00e9 iba a pasar\u201d.<\/em><\/p>\n\n\n\n<p>Los j\u00f3venes de la aldea ya llevan 7 d\u00edas de protesta no violenta donde realizaron diferente actividades de manifestaci\u00f3n<em>, <\/em>reclamando la reapertura del camino compartido y en protesta por la medida arbitraria de cerrarlo.<\/p>\n\n\n\n<p>Entrevista completa<\/p>\n\n\n<p><iframe loading=\"lazy\" src=\"https:\/\/archive.org\/embed\/entrevista-paola-serpaj-17-06-2025\" width=\"500\" height=\"60\" frameborder=\"0\" webkitallowfullscreen=\"true\" mozallowfullscreen=\"true\" allowfullscreen><\/iframe><\/p>\n\n\n<p><a href=\"https:\/\/archive.org\/details\/entrevista-paola-serpaj-17-06-2025\" data-type=\"link\" data-id=\"https:\/\/archive.org\/details\/entrevista-paola-serpaj-17-06-2025\">Descargar<\/a><\/p>\n","protected":false},"excerpt":{"rendered":"<p>La comunidad educativa de la Aldea de SERPAJ Pilar reclama la reapertura del camino peatonal y vehicular, el cual fue obstaculizado de manera arbitraria por la Municipalidad de Pilar. El Servicio Paz y Justicia (SERPAJ) de Argentina es una organizaci\u00f3n social que cuenta con una sede en Pilar, a la cual se ingresa por el [&hellip;]<\/p>\n","protected":false},"author":1,"featured_media":7249,"comment_status":"open","ping_status":"open","sticky":false,"template":"","format":"standard","meta":{"footnotes":""},"categories":[1],"tags":[],"class_list":["post-7248","post","type-post","status-publish","format-standard","has-post-thumbnail","hentry","category-blog"],"_links":{"self":[{"href":"https:\/\/fmtinkunaco.ar\/index.php?rest_route=\/wp\/v2\/posts\/7248","targetHints":{"allow":["GET"]}}],"collection":[{"href":"https:\/\/fmtinkunaco.ar\/index.php?rest_route=\/wp\/v2\/posts"}],"about":[{"href":"https:\/\/fmtinkunaco.ar\/index.php?rest_route=\/wp\/v2\/types\/post"}],"author":[{"embeddable":true,"href":"https:\/\/fmtinkunaco.ar\/index.php?rest_route=\/wp\/v2\/users\/1"}],"replies":[{"embeddable":true,"href":"https:\/\/fmtinkunaco.ar\/index.php?rest_route=%2Fwp%2Fv2%2Fcomments&post=7248"}],"version-history":[{"count":1,"href":"https:\/\/fmtinkunaco.ar\/index.php?rest_route=\/wp\/v2\/posts\/7248\/revisions"}],"predecessor-version":[{"id":7250,"href":"https:\/\/fmtinkunaco.ar\/index.php?rest_route=\/wp\/v2\/posts\/7248\/revisions\/7250"}],"wp:featuredmedia":[{"embeddable":true,"href":"https:\/\/fmtinkunaco.ar\/index.php?rest_route=\/wp\/v2\/media\/7249"}],"wp:attachment":[{"href":"https:\/\/fmtinkunaco.ar\/index.php?rest_route=%2Fwp%2Fv2%2Fmedia&parent=7248"}],"wp:term":[{"taxonomy":"category","embeddable":true,"href":"https:\/\/fmtinkunaco.ar\/index.php?rest_route=%2Fwp%2Fv2%2Fcategories&post=7248"},{"taxonomy":"post_tag","embeddable":true,"href":"https:\/\/fmtinkunaco.ar\/index.php?rest_route=%2Fwp%2Fv2%2Ftags&post=7248"}],"curies":[{"name":"wp","href":"https:\/\/api.w.org\/{rel}","templated":true}]}}