{"id":7251,"date":"2025-06-24T14:10:06","date_gmt":"2025-06-24T17:10:06","guid":{"rendered":"https:\/\/fmtinkunaco.ar\/?p=7251"},"modified":"2025-06-24T15:11:55","modified_gmt":"2025-06-24T18:11:55","slug":"el-ministerio-de-salud-dio-de-baja-a-mas-de-100-trabajadores-del-hospital-posadas","status":"publish","type":"post","link":"https:\/\/fmtinkunaco.ar\/?p=7251","title":{"rendered":"El Ministerio de Salud despidi\u00f3 a m\u00e1s de 100 trabajadores del Hospital Posadas"},"content":{"rendered":"\n<p>Desde el Ministerio de Salud de la Naci\u00f3n se lanz\u00f3 un comunicado donde expresa que, luego de auditor\u00edas internas y controles de asistencia, \u201c<em>estos contratados no cumpl\u00edan con sus funciones o presentaban ausencias reiteradas injustificadas<\/em>\u201d. Esto llev\u00f3 a la baja de 110 trabajadores de distintas especialidades del Hospital.<\/p>\n\n\n\n<p>Desde CICOP Posadas desmienten totalmente los dichos del comunicado y defienden la importancia del funcionamiento de los puestos de salud del Hospital. \u00a0<\/p>\n\n\n\n<p>Elizabeth Correa, T\u00e9cnica en Im\u00e1genes despedida del Hospital Posadas, explicaba \u201c<em>El a\u00f1o pasado se dieron primeros despidos, que eran m\u00e1s de 100 despidos de compa\u00f1eros la mayor\u00eda profesionales, sin ning\u00fan justificativo y por una cuesti\u00f3n contractual que venimos denunciando hace mucho tiempo. Tuvimos una \u00faltima lista de m\u00e1s de 100 despidos nuevamente, lo cual sumaria unos 250 despidos hasta la fecha (\u2026) Post Pandemia, la poblaci\u00f3n de pacientes se acrecent\u00f3 much\u00edsimo, con afecciones respiratorias, con internaciones, por cuestiones de presi\u00f3n arterial, patolog\u00edas cardiol\u00f3gicas, infinidad de cuestiones que hacen el cotidiano del Hospital. Es un Hospital tan grande que atendemos cientos y miles de pacientes y que reduzcan el personal de manera tan abrupta tiene repercusiones para la poblaci\u00f3n que se va a atender. Ya ven\u00edamos con una crisis sanitaria, de hecho en la pandemia sufr\u00edamos bastante pero se pod\u00eda sobrellevar, post pandemia y con estas nuevas pol\u00edticas se profundiza la crisis\u201d.<\/em><\/p>\n\n\n\n<p>Trabajadores del Hospital convocan a la comunidad a acompa\u00f1ar una ronda ma\u00f1ana en el Hall Central del Hospital, a las 11hs en reclamo por los despidos y la crisis salarial, donde se realizar\u00e1 una conferencia de prensa.<\/p>\n\n\n\n<p>Entrevista Completa en el Noticiero Encuentro con las Noticias<\/p>\n\n\n<p><iframe loading=\"lazy\" src=\"https:\/\/archive.org\/embed\/entrevista-elizabeth-correa-despedida-posadas-24-06-25\" width=\"500\" height=\"60\" frameborder=\"0\" webkitallowfullscreen=\"true\" mozallowfullscreen=\"true\" allowfullscreen><\/iframe><\/p>\n\n\n<p><a href=\"https:\/\/archive.org\/details\/entrevista-elizabeth-correa-despedida-posadas-24-06-25\" data-type=\"link\" data-id=\"https:\/\/archive.org\/details\/entrevista-elizabeth-correa-despedida-posadas-24-06-25\">Descargar<\/a><\/p>\n","protected":false},"excerpt":{"rendered":"<p>Desde el Ministerio de Salud de la Naci\u00f3n se lanz\u00f3 un comunicado donde expresa que, luego de auditor\u00edas internas y controles de asistencia, \u201cestos contratados no cumpl\u00edan con sus funciones o presentaban ausencias reiteradas injustificadas\u201d. Esto llev\u00f3 a la baja de 110 trabajadores de distintas especialidades del Hospital. Desde CICOP Posadas desmienten totalmente los dichos [&hellip;]<\/p>\n","protected":false},"author":1,"featured_media":7252,"comment_status":"open","ping_status":"open","sticky":false,"template":"","format":"standard","meta":{"footnotes":""},"categories":[7],"tags":[],"class_list":["post-7251","post","type-post","status-publish","format-standard","has-post-thumbnail","hentry","category-salud"],"_links":{"self":[{"href":"https:\/\/fmtinkunaco.ar\/index.php?rest_route=\/wp\/v2\/posts\/7251","targetHints":{"allow":["GET"]}}],"collection":[{"href":"https:\/\/fmtinkunaco.ar\/index.php?rest_route=\/wp\/v2\/posts"}],"about":[{"href":"https:\/\/fmtinkunaco.ar\/index.php?rest_route=\/wp\/v2\/types\/post"}],"author":[{"embeddable":true,"href":"https:\/\/fmtinkunaco.ar\/index.php?rest_route=\/wp\/v2\/users\/1"}],"replies":[{"embeddable":true,"href":"https:\/\/fmtinkunaco.ar\/index.php?rest_route=%2Fwp%2Fv2%2Fcomments&post=7251"}],"version-history":[{"count":5,"href":"https:\/\/fmtinkunaco.ar\/index.php?rest_route=\/wp\/v2\/posts\/7251\/revisions"}],"predecessor-version":[{"id":7257,"href":"https:\/\/fmtinkunaco.ar\/index.php?rest_route=\/wp\/v2\/posts\/7251\/revisions\/7257"}],"wp:featuredmedia":[{"embeddable":true,"href":"https:\/\/fmtinkunaco.ar\/index.php?rest_route=\/wp\/v2\/media\/7252"}],"wp:attachment":[{"href":"https:\/\/fmtinkunaco.ar\/index.php?rest_route=%2Fwp%2Fv2%2Fmedia&parent=7251"}],"wp:term":[{"taxonomy":"category","embeddable":true,"href":"https:\/\/fmtinkunaco.ar\/index.php?rest_route=%2Fwp%2Fv2%2Fcategories&post=7251"},{"taxonomy":"post_tag","embeddable":true,"href":"https:\/\/fmtinkunaco.ar\/index.php?rest_route=%2Fwp%2Fv2%2Ftags&post=7251"}],"curies":[{"name":"wp","href":"https:\/\/api.w.org\/{rel}","templated":true}]}}