{"id":7258,"date":"2025-07-08T10:46:06","date_gmt":"2025-07-08T13:46:06","guid":{"rendered":"https:\/\/fmtinkunaco.ar\/?p=7258"},"modified":"2025-07-08T10:52:38","modified_gmt":"2025-07-08T13:52:38","slug":"se-viene-la-octava-edicion-del-fan-festival-artistico-del-noroeste","status":"publish","type":"post","link":"https:\/\/fmtinkunaco.ar\/?p=7258","title":{"rendered":"Se viene la octava edici\u00f3n del FAN &#8211; Festival Art\u00edstico del Noroeste"},"content":{"rendered":"\n<p>La octava edici\u00f3n del FAN \u2013 Festival Art\u00edstico del Noroeste se encuentra en plena convocatoria de artistas para que formen parte de la grilla 2025, dentro de las categor\u00edas: m\u00fasica, artes esc\u00e9nicas, feria, artes audiovisuales, artes visuales e infancias. Hay tiempo de inscribirse hasta el 13 de Julio.<\/p>\n\n\n\n<p>Jos\u00e9 Albornoz, es Coordinador del FAN y remarc\u00f3 la importancia de mantener estos espacios en el contexto actual \u201cEn un contexto muy desafiante sobre todo para la universidad p\u00fablica y este festival, siempre lo marcamos, es un festival universitario; ya sea por la composici\u00f3n del equipo que en su gran mayor\u00eda son estudiantes de universidades p\u00fablicas, en general (\u2026) y despu\u00e9s, el financiamiento para el festival se hace en su gran mayor\u00eda con fondos p\u00fablicos ya sea de la universidad como de provincia o los municipios. Y desde el a\u00f1o pasado muchos muchas l\u00edneas de financiamiento o muchos puentes que ten\u00ed<em>amos hechos con otras instituciones se han ca\u00eddo. (\u2026) Pero tambi\u00e9n hemos logrado una base, una plataforma, que nos permite no caernos cuando se cae alguna l\u00ednea de financiamiento\u201d.<\/em><\/p>\n\n\n\n<p>Albornoz, adem\u00e1s comparti\u00f3 la felicidad de poder concretar un a\u00f1o m\u00e1s este Festival \u201c<em>Felices <\/em>porque el Festival, todo<em>s los a\u00f1os, apuesta a un poco m\u00e1s y este a\u00f1o estamos en la misma. Vamos a sumar m\u00e1s artistas, mas feriantes y ya estamos muy felices por la cantidad de propuestas que nos han llegado\u201d.<\/em><\/p>\n\n\n\n<p>FAN es un espacio de exposici\u00f3n y vinculaci\u00f3n entre los artistas de la regi\u00f3n noroeste del Gran Buenos Aires &#8211; Malvinas Argentinas, San Miguel, Jos\u00e9 C. Paz y Moreno. Y llevan adelante este festival hace ocho a\u00f1os.<\/p>\n\n\n\n<p>A\u00fan hay tiempo de inscribirse en la convocatoria de artistas hasta el 13 de julio, y desde el FAN contaron que existe la posibilidad de extensi\u00f3n de esta fecha.<\/p>\n\n\n\n<p>Ingres\u00e1 a fannoroeste.ar y acced\u00e9 a toda la informaci\u00f3n.<\/p>\n\n\n\n<p>Compartimos entrevista completa<\/p>\n\n\n\n<p><a href=\"https:\/\/archive.org\/details\/audio-jose-albornoz-fan-07-07-2025\">Descargar<\/a><\/p>\n\n\n<audio class=\"wp-audio-shortcode\" id=\"audio-7258-2\" preload=\"none\" style=\"width: 100%;\" controls=\"controls\"><source type=\"audio\/mpeg\" src=\"https:\/\/archive.org\/download\/audio-jose-albornoz-fan-07-07-2025\/AUDIO%20-%20JOSE%20ALBORNOZ%20%28FAN%29%2007%2007%202025.mp3?_=2\" \/><a href=\"https:\/\/archive.org\/download\/audio-jose-albornoz-fan-07-07-2025\/AUDIO%20-%20JOSE%20ALBORNOZ%20%28FAN%29%2007%2007%202025.mp3\">https:\/\/archive.org\/download\/audio-jose-albornoz-fan-07-07-2025\/AUDIO%20-%20JOSE%20ALBORNOZ%20%28FAN%29%2007%2007%202025.mp3<\/a><\/audio><div class=\"powerpress_player\" id=\"powerpress_player_2286\"><audio class=\"wp-audio-shortcode\" id=\"audio-7258-1\" preload=\"none\" style=\"width: 100%;\" controls=\"controls\"><source type=\"audio\/mpeg\" src=\"https:\/\/archive.org\/download\/audio-jose-albornoz-fan-07-07-2025\/AUDIO%20-%20JOSE%20ALBORNOZ%20%28FAN%29%2007%2007%202025.mp3?_=1\" \/><a href=\"https:\/\/archive.org\/download\/audio-jose-albornoz-fan-07-07-2025\/AUDIO%20-%20JOSE%20ALBORNOZ%20%28FAN%29%2007%2007%202025.mp3\">https:\/\/archive.org\/download\/audio-jose-albornoz-fan-07-07-2025\/AUDIO%20-%20JOSE%20ALBORNOZ%20%28FAN%29%2007%2007%202025.mp3<\/a><\/audio><\/div><p class=\"powerpress_links powerpress_links_mp3\" style=\"margin-bottom: 1px !important;\">Podcast: <a href=\"https:\/\/archive.org\/download\/audio-jose-albornoz-fan-07-07-2025\/AUDIO%20-%20JOSE%20ALBORNOZ%20%28FAN%29%2007%2007%202025.mp3\" class=\"powerpress_link_pinw\" target=\"_blank\" title=\"Reproducir en una nueva ventana\" onclick=\"return powerpress_pinw('https:\/\/fmtinkunaco.ar\/?powerpress_pinw=7258-podcast');\" rel=\"nofollow\">Reproducir en una nueva ventana<\/a> | <a href=\"https:\/\/archive.org\/download\/audio-jose-albornoz-fan-07-07-2025\/AUDIO%20-%20JOSE%20ALBORNOZ%20%28FAN%29%2007%2007%202025.mp3\" class=\"powerpress_link_d\" title=\"Descargar\" rel=\"nofollow\" download=\"AUDIO%20-%20JOSE%20ALBORNOZ%20%28FAN%29%2007%2007%202025.mp3\">Descargar<\/a><\/p>","protected":false},"excerpt":{"rendered":"<p>La octava edici\u00f3n del FAN \u2013 Festival Art\u00edstico del Noroeste se encuentra en plena convocatoria de artistas para que formen parte de la grilla 2025, dentro de las categor\u00edas: m\u00fasica, artes esc\u00e9nicas, feria, artes audiovisuales, artes visuales e infancias. Hay tiempo de inscribirse hasta el 13 de Julio. Jos\u00e9 Albornoz, es Coordinador del FAN y [&hellip;]<\/p>\n","protected":false},"author":1,"featured_media":7259,"comment_status":"open","ping_status":"open","sticky":false,"template":"","format":"standard","meta":{"footnotes":""},"categories":[3],"tags":[],"class_list":["post-7258","post","type-post","status-publish","format-standard","has-post-thumbnail","hentry","category-cultura"],"_links":{"self":[{"href":"https:\/\/fmtinkunaco.ar\/index.php?rest_route=\/wp\/v2\/posts\/7258","targetHints":{"allow":["GET"]}}],"collection":[{"href":"https:\/\/fmtinkunaco.ar\/index.php?rest_route=\/wp\/v2\/posts"}],"about":[{"href":"https:\/\/fmtinkunaco.ar\/index.php?rest_route=\/wp\/v2\/types\/post"}],"author":[{"embeddable":true,"href":"https:\/\/fmtinkunaco.ar\/index.php?rest_route=\/wp\/v2\/users\/1"}],"replies":[{"embeddable":true,"href":"https:\/\/fmtinkunaco.ar\/index.php?rest_route=%2Fwp%2Fv2%2Fcomments&post=7258"}],"version-history":[{"count":2,"href":"https:\/\/fmtinkunaco.ar\/index.php?rest_route=\/wp\/v2\/posts\/7258\/revisions"}],"predecessor-version":[{"id":7262,"href":"https:\/\/fmtinkunaco.ar\/index.php?rest_route=\/wp\/v2\/posts\/7258\/revisions\/7262"}],"wp:featuredmedia":[{"embeddable":true,"href":"https:\/\/fmtinkunaco.ar\/index.php?rest_route=\/wp\/v2\/media\/7259"}],"wp:attachment":[{"href":"https:\/\/fmtinkunaco.ar\/index.php?rest_route=%2Fwp%2Fv2%2Fmedia&parent=7258"}],"wp:term":[{"taxonomy":"category","embeddable":true,"href":"https:\/\/fmtinkunaco.ar\/index.php?rest_route=%2Fwp%2Fv2%2Fcategories&post=7258"},{"taxonomy":"post_tag","embeddable":true,"href":"https:\/\/fmtinkunaco.ar\/index.php?rest_route=%2Fwp%2Fv2%2Ftags&post=7258"}],"curies":[{"name":"wp","href":"https:\/\/api.w.org\/{rel}","templated":true}]}}