{"id":7296,"date":"2026-03-10T10:21:50","date_gmt":"2026-03-10T13:21:50","guid":{"rendered":"https:\/\/fmtinkunaco.ar\/?p=7296"},"modified":"2026-03-10T10:34:00","modified_gmt":"2026-03-10T13:34:00","slug":"3ra-marcha-por-los-derechos-humanos-de-ayer-y-de-hoy","status":"publish","type":"post","link":"https:\/\/fmtinkunaco.ar\/?p=7296","title":{"rendered":"3ra Marcha por los Derechos Humanos de ayer y de hoy"},"content":{"rendered":"\n<p>A 50 a\u00f1os del inicio de la \u00faltima dictadura c\u00edvica, empresarial, militar y eclesi\u00e1stica, organizaciones de derechos humanos del territorio convocan a una concentraci\u00f3n y posterior marcha el pr\u00f3ximo s\u00e1bado 14 de marzo a partir de las 9.30hs.<\/p>\n\n\n\n<p>La concentraci\u00f3n ser\u00e1 en la Se\u00f1alizaci\u00f3n del Ex Centro Clandestino de Detenci\u00f3n \u201cEl Cilindro\u201d hasta Ruta 202 y Avenida Per\u00f3n, donde se encuentra la edificaci\u00f3n a medio terminar del Espacio de Memoria en Campo de Mayo; una de las consignas de la marcha es el pedido de finalizaci\u00f3n de obra.<\/p>\n\n\n\n<p>Iris Pereyra de Avellaneda, es v\u00edctima sobreviviente de Campo de Mayo, Mam\u00e1 de Floreal \u201cEl negrito\u201d Avellaneda v\u00edctima del terrorismo y Presidenta de la Asociaci\u00f3n de Sobrevivientes, Familiares, y Compa\u00f1eros de Campo de Mayo, y se refiri\u00f3 a la convocatoria <em>\u201cYa es la tercera marcha que hacemos, desde El Cilindro, caminando hacemos esas 25 cuadras hasta el Sitio de Memoria, pero este a\u00f1o es un poco m\u00e1s especial porque se cumplen los 50 a\u00f1os del golpe c\u00edvico, militar y eclesi\u00e1stico. (\u2026) La lucha continua, sabemos que nosotros los sobrevivientes siempre estamos pendientes de esta marcha, de los juicios, de que se abran los archivos y del respeto a los Derechos Humanos\u201d<\/em>.<\/p>\n\n\n\n<p>Adem\u00e1s, Iris Avellaneda, puntualiz\u00f3 en el \u00a0Espacio de Memoria <em>\u201cNosotros, desde hace a\u00f1os que estamos peleando por ese Sitio; y empez\u00f3 tarde y seg\u00fan ellos no lleg\u00f3 a un 10%, pero eso es lo que dicen ellos, porque el gobierno este paralizo la obra, paralizo todas las obras porque no es solamente lo del Sitio de Memoria. Pero bueno, nosotros peleamos, discutimos y la seguimos para que el Espacio se termine y nosotros podamos estar ah\u00ed para hacer cosas buenas<\/em>\u201d.<\/p>\n\n\n\n<p>La obra se encuentra paralizada desde que asumi\u00f3 el gobierno de Javier Milei.<\/p>\n\n\n\n<p>La convocatoria es el pr\u00f3ximo s\u00e1bado 14 de marzo, a partir de las 9.30hs en la Se\u00f1alizaci\u00f3n del Ex Centro Clandestino de Detenci\u00f3n El Cilindro (Viaducto Papa Francisco y Piedras) hasta Ruta 202 y Avenida Per\u00f3n.<\/p>\n\n\n\n<p>Y contar\u00e1 con la participaci\u00f3n de la artista Luciana Jury, intervenci\u00f3n art\u00edstica de Griselda y Diana y la Murga Los Gastasuelas.<\/p>\n\n\n\n<p>Compartimos la entrevista completa<\/p>\n\n\n\n<p><a href=\"https:\/\/archive.org\/details\/audio-iris-avellaneda-10-03\">Descargar<\/a><\/p>\n\n\n\n<figure class=\"wp-block-embed is-type-rich is-provider-gestor-del-servicio wp-block-embed-gestor-del-servicio\"><div class=\"wp-block-embed__wrapper\">\n<audio class=\"wp-audio-shortcode\" id=\"audio-7296-1\" preload=\"none\" style=\"width: 100%;\" controls=\"controls\"><source type=\"audio\/mpeg\" src=\"https:\/\/ia600801.us.archive.org\/12\/items\/audio-iris-avellaneda-10-03\/AUDIO%20-%20IRIS%20AVELLANEDA%2010%2003.mp3?_=1\" \/><a href=\"https:\/\/ia600801.us.archive.org\/12\/items\/audio-iris-avellaneda-10-03\/AUDIO%20-%20IRIS%20AVELLANEDA%2010%2003.mp3\">https:\/\/ia600801.us.archive.org\/12\/items\/audio-iris-avellaneda-10-03\/AUDIO%20-%20IRIS%20AVELLANEDA%2010%2003.mp3<\/a><\/audio>\n<\/div><\/figure>\n\n\n\n<p><\/p>\n","protected":false},"excerpt":{"rendered":"<p>A 50 a\u00f1os del inicio de la \u00faltima dictadura c\u00edvica, empresarial, militar y eclesi\u00e1stica, organizaciones de derechos humanos del territorio convocan a una concentraci\u00f3n y posterior marcha el pr\u00f3ximo s\u00e1bado 14 de marzo a partir de las 9.30hs. La concentraci\u00f3n ser\u00e1 en la Se\u00f1alizaci\u00f3n del Ex Centro Clandestino de Detenci\u00f3n \u201cEl Cilindro\u201d hasta Ruta 202 [&hellip;]<\/p>\n","protected":false},"author":1,"featured_media":7297,"comment_status":"open","ping_status":"open","sticky":false,"template":"","format":"standard","meta":{"footnotes":""},"categories":[4],"tags":[],"class_list":["post-7296","post","type-post","status-publish","format-standard","has-post-thumbnail","hentry","category-derechos-humanos"],"_links":{"self":[{"href":"https:\/\/fmtinkunaco.ar\/index.php?rest_route=\/wp\/v2\/posts\/7296","targetHints":{"allow":["GET"]}}],"collection":[{"href":"https:\/\/fmtinkunaco.ar\/index.php?rest_route=\/wp\/v2\/posts"}],"about":[{"href":"https:\/\/fmtinkunaco.ar\/index.php?rest_route=\/wp\/v2\/types\/post"}],"author":[{"embeddable":true,"href":"https:\/\/fmtinkunaco.ar\/index.php?rest_route=\/wp\/v2\/users\/1"}],"replies":[{"embeddable":true,"href":"https:\/\/fmtinkunaco.ar\/index.php?rest_route=%2Fwp%2Fv2%2Fcomments&post=7296"}],"version-history":[{"count":1,"href":"https:\/\/fmtinkunaco.ar\/index.php?rest_route=\/wp\/v2\/posts\/7296\/revisions"}],"predecessor-version":[{"id":7298,"href":"https:\/\/fmtinkunaco.ar\/index.php?rest_route=\/wp\/v2\/posts\/7296\/revisions\/7298"}],"wp:featuredmedia":[{"embeddable":true,"href":"https:\/\/fmtinkunaco.ar\/index.php?rest_route=\/wp\/v2\/media\/7297"}],"wp:attachment":[{"href":"https:\/\/fmtinkunaco.ar\/index.php?rest_route=%2Fwp%2Fv2%2Fmedia&parent=7296"}],"wp:term":[{"taxonomy":"category","embeddable":true,"href":"https:\/\/fmtinkunaco.ar\/index.php?rest_route=%2Fwp%2Fv2%2Fcategories&post=7296"},{"taxonomy":"post_tag","embeddable":true,"href":"https:\/\/fmtinkunaco.ar\/index.php?rest_route=%2Fwp%2Fv2%2Ftags&post=7296"}],"curies":[{"name":"wp","href":"https:\/\/api.w.org\/{rel}","templated":true}]}}