{"id":7301,"date":"2026-03-10T12:48:04","date_gmt":"2026-03-10T15:48:04","guid":{"rendered":"https:\/\/fmtinkunaco.ar\/?p=7301"},"modified":"2026-03-10T12:49:11","modified_gmt":"2026-03-10T15:49:11","slug":"festival-de-poesia-volumen-3","status":"publish","type":"post","link":"https:\/\/fmtinkunaco.ar\/?p=7301","title":{"rendered":"Festival de Poes\u00eda Volumen 3"},"content":{"rendered":"\n<p>Feria de Arte Lxs Caracolxs invita al Festival de Poes\u00eda a realizarse el pr\u00f3ximo s\u00e1bado 14 de marzo, a partir de las 18 hs en la Librer\u00eda Caf\u00e9 Bok, ubicada en Pi\u00f1ero 975 (Bella Vista).<\/p>\n\n\n\n<p>El festival contar\u00e1 con feria, m\u00fasica en vivo, tarot, lecturas, retratos y perfo.<\/p>\n\n\n\n<p>Compartimos la invitaci\u00f3n<\/p>\n\n\n\n<p><a href=\"https:\/\/archive.org\/details\/audio-feria-de-las-caracolas-14-03\">Descargar<\/a><\/p>\n\n\n\n<figure class=\"wp-block-embed is-type-rich is-provider-gestor-del-servicio wp-block-embed-gestor-del-servicio\"><div class=\"wp-block-embed__wrapper\">\n<audio class=\"wp-audio-shortcode\" id=\"audio-7301-1\" preload=\"none\" style=\"width: 100%;\" controls=\"controls\"><source type=\"audio\/mpeg\" src=\"https:\/\/dn710207.ca.archive.org\/0\/items\/audio-feria-de-las-caracolas-14-03\/AUDIO%20-%20FERIA%20DE%20LAS%20CARACOLAS%2014%2003.mp3?_=1\" \/><a href=\"https:\/\/dn710207.ca.archive.org\/0\/items\/audio-feria-de-las-caracolas-14-03\/AUDIO%20-%20FERIA%20DE%20LAS%20CARACOLAS%2014%2003.mp3\">https:\/\/dn710207.ca.archive.org\/0\/items\/audio-feria-de-las-caracolas-14-03\/AUDIO%20-%20FERIA%20DE%20LAS%20CARACOLAS%2014%2003.mp3<\/a><\/audio>\n<\/div><\/figure>\n","protected":false},"excerpt":{"rendered":"<p>Feria de Arte Lxs Caracolxs invita al Festival de Poes\u00eda a realizarse el pr\u00f3ximo s\u00e1bado 14 de marzo, a partir de las 18 hs en la Librer\u00eda Caf\u00e9 Bok, ubicada en Pi\u00f1ero 975 (Bella Vista). El festival contar\u00e1 con feria, m\u00fasica en vivo, tarot, lecturas, retratos y perfo. Compartimos la invitaci\u00f3n Descargar<\/p>\n","protected":false},"author":1,"featured_media":7302,"comment_status":"open","ping_status":"open","sticky":false,"template":"","format":"standard","meta":{"footnotes":""},"categories":[3],"tags":[],"class_list":["post-7301","post","type-post","status-publish","format-standard","has-post-thumbnail","hentry","category-cultura"],"_links":{"self":[{"href":"https:\/\/fmtinkunaco.ar\/index.php?rest_route=\/wp\/v2\/posts\/7301","targetHints":{"allow":["GET"]}}],"collection":[{"href":"https:\/\/fmtinkunaco.ar\/index.php?rest_route=\/wp\/v2\/posts"}],"about":[{"href":"https:\/\/fmtinkunaco.ar\/index.php?rest_route=\/wp\/v2\/types\/post"}],"author":[{"embeddable":true,"href":"https:\/\/fmtinkunaco.ar\/index.php?rest_route=\/wp\/v2\/users\/1"}],"replies":[{"embeddable":true,"href":"https:\/\/fmtinkunaco.ar\/index.php?rest_route=%2Fwp%2Fv2%2Fcomments&post=7301"}],"version-history":[{"count":1,"href":"https:\/\/fmtinkunaco.ar\/index.php?rest_route=\/wp\/v2\/posts\/7301\/revisions"}],"predecessor-version":[{"id":7303,"href":"https:\/\/fmtinkunaco.ar\/index.php?rest_route=\/wp\/v2\/posts\/7301\/revisions\/7303"}],"wp:featuredmedia":[{"embeddable":true,"href":"https:\/\/fmtinkunaco.ar\/index.php?rest_route=\/wp\/v2\/media\/7302"}],"wp:attachment":[{"href":"https:\/\/fmtinkunaco.ar\/index.php?rest_route=%2Fwp%2Fv2%2Fmedia&parent=7301"}],"wp:term":[{"taxonomy":"category","embeddable":true,"href":"https:\/\/fmtinkunaco.ar\/index.php?rest_route=%2Fwp%2Fv2%2Fcategories&post=7301"},{"taxonomy":"post_tag","embeddable":true,"href":"https:\/\/fmtinkunaco.ar\/index.php?rest_route=%2Fwp%2Fv2%2Ftags&post=7301"}],"curies":[{"name":"wp","href":"https:\/\/api.w.org\/{rel}","templated":true}]}}