{"id":7304,"date":"2026-03-11T09:23:21","date_gmt":"2026-03-11T12:23:21","guid":{"rendered":"https:\/\/fmtinkunaco.ar\/?p=7304"},"modified":"2026-03-11T09:23:21","modified_gmt":"2026-03-11T12:23:21","slug":"la-herreria-teatro-abre-la-temporada-2026-con-un-desborde","status":"publish","type":"post","link":"https:\/\/fmtinkunaco.ar\/?p=7304","title":{"rendered":"La Herrer\u00eda Teatro abre la temporada 2026 con un Desborde"},"content":{"rendered":"\n<p>La Herrer\u00eda Teatro invita a abrir juntos la temporada 2026 con un Desborde, el pr\u00f3ximo domingo 15 de marzo, a&nbsp; partir de las 16 hs en Sarmiento y Arg\u00fcero.<\/p>\n\n\n\n<p>Prometen feria, buffet, n\u00fameros de variet\u00e9, m\u00fasica y folklore para festejar 18 a\u00f1os de democratizar el arte y el teatro.<\/p>\n\n\n\n<p>Adem\u00e1s, para las infancias habr\u00e1 kerm\u00e9s y juegos.<\/p>\n\n\n\n<p>El domingo 15, a partir de las 16hs en Sarmiento y Arg\u00fcero.<\/p>\n\n\n\n<p>Compartimos invitaci\u00f3n<\/p>\n\n\n\n<p><a href=\"https:\/\/archive.org\/details\/audio-mariano-guerra-desborde-de-la-herreria-15-03\">Descargar<\/a><\/p>\n\n\n\n<figure class=\"wp-block-embed is-type-rich is-provider-gestor-del-servicio wp-block-embed-gestor-del-servicio\"><div class=\"wp-block-embed__wrapper\">\n<audio class=\"wp-audio-shortcode\" id=\"audio-7304-1\" preload=\"none\" style=\"width: 100%;\" controls=\"controls\"><source type=\"audio\/mpeg\" src=\"https:\/\/ia601602.us.archive.org\/3\/items\/audio-mariano-guerra-desborde-de-la-herreria-15-03\/AUDIO%20-%20MARIANO%20GUERRA%20%28DESBORDE%20DE%20LA%20HERRERIA%29%2015%2003.mp3?_=1\" \/><a href=\"https:\/\/ia601602.us.archive.org\/3\/items\/audio-mariano-guerra-desborde-de-la-herreria-15-03\/AUDIO%20-%20MARIANO%20GUERRA%20%28DESBORDE%20DE%20LA%20HERRERIA%29%2015%2003.mp3\">https:\/\/ia601602.us.archive.org\/3\/items\/audio-mariano-guerra-desborde-de-la-herreria-15-03\/AUDIO%20-%20MARIANO%20GUERRA%20%28DESBORDE%20DE%20LA%20HERRERIA%29%2015%2003.mp3<\/a><\/audio>\n<\/div><\/figure>\n","protected":false},"excerpt":{"rendered":"<p>La Herrer\u00eda Teatro invita a abrir juntos la temporada 2026 con un Desborde, el pr\u00f3ximo domingo 15 de marzo, a&nbsp; partir de las 16 hs en Sarmiento y Arg\u00fcero. Prometen feria, buffet, n\u00fameros de variet\u00e9, m\u00fasica y folklore para festejar 18 a\u00f1os de democratizar el arte y el teatro. Adem\u00e1s, para las infancias habr\u00e1 kerm\u00e9s [&hellip;]<\/p>\n","protected":false},"author":1,"featured_media":7305,"comment_status":"open","ping_status":"open","sticky":false,"template":"","format":"standard","meta":{"footnotes":""},"categories":[3],"tags":[],"class_list":["post-7304","post","type-post","status-publish","format-standard","has-post-thumbnail","hentry","category-cultura"],"_links":{"self":[{"href":"https:\/\/fmtinkunaco.ar\/index.php?rest_route=\/wp\/v2\/posts\/7304","targetHints":{"allow":["GET"]}}],"collection":[{"href":"https:\/\/fmtinkunaco.ar\/index.php?rest_route=\/wp\/v2\/posts"}],"about":[{"href":"https:\/\/fmtinkunaco.ar\/index.php?rest_route=\/wp\/v2\/types\/post"}],"author":[{"embeddable":true,"href":"https:\/\/fmtinkunaco.ar\/index.php?rest_route=\/wp\/v2\/users\/1"}],"replies":[{"embeddable":true,"href":"https:\/\/fmtinkunaco.ar\/index.php?rest_route=%2Fwp%2Fv2%2Fcomments&post=7304"}],"version-history":[{"count":1,"href":"https:\/\/fmtinkunaco.ar\/index.php?rest_route=\/wp\/v2\/posts\/7304\/revisions"}],"predecessor-version":[{"id":7306,"href":"https:\/\/fmtinkunaco.ar\/index.php?rest_route=\/wp\/v2\/posts\/7304\/revisions\/7306"}],"wp:featuredmedia":[{"embeddable":true,"href":"https:\/\/fmtinkunaco.ar\/index.php?rest_route=\/wp\/v2\/media\/7305"}],"wp:attachment":[{"href":"https:\/\/fmtinkunaco.ar\/index.php?rest_route=%2Fwp%2Fv2%2Fmedia&parent=7304"}],"wp:term":[{"taxonomy":"category","embeddable":true,"href":"https:\/\/fmtinkunaco.ar\/index.php?rest_route=%2Fwp%2Fv2%2Fcategories&post=7304"},{"taxonomy":"post_tag","embeddable":true,"href":"https:\/\/fmtinkunaco.ar\/index.php?rest_route=%2Fwp%2Fv2%2Ftags&post=7304"}],"curies":[{"name":"wp","href":"https:\/\/api.w.org\/{rel}","templated":true}]}}