{"id":7307,"date":"2026-03-12T11:48:05","date_gmt":"2026-03-12T14:48:05","guid":{"rendered":"https:\/\/fmtinkunaco.ar\/?p=7307"},"modified":"2026-03-12T11:48:05","modified_gmt":"2026-03-12T14:48:05","slug":"caso-joaquin-ortega-esperemos-que-se-abra-la-causa-penal-en-contra-de-jaime-mendez","status":"publish","type":"post","link":"https:\/\/fmtinkunaco.ar\/?p=7307","title":{"rendered":"Caso Joaqu\u00edn Ortega: \u201cEsperemos que se abra la causa penal en contra de Jaime M\u00e9ndez\u201d\u00a0"},"content":{"rendered":"\n<p><a href=\"https:\/\/fmtinkunaco.ar\/?p=7225\">Joaqu\u00edn Ortega y Roberto Mora<\/a>, perdieron la vida el s\u00e1bado 10 de mayo de 2025 por un accidente laboral y sus familiares y amigos contin\u00faan reclamando justicia concreta.<\/p>\n\n\n\n<p>Se encontraban pintando postes de luz para la empresa GEA Group, contratada por el municipio, y no contaban con ninguna protecci\u00f3n personal o preparaci\u00f3n para realizar el trabajo. A las 14:45 en la calle Pilcomayo y Montevideo ocurri\u00f3 el accidente donde Joaqu\u00edn y su compa\u00f1ero fallecieron al recibir una gran descarga el\u00e9ctrica.<\/p>\n\n\n\n<p>Edgardo L\u00f3pez, es abogado de la familia de Joaqu\u00edn Ortega, y se refiri\u00f3 a la actualidad del caso <em>\u201cEn raz\u00f3n a la tr\u00e1gica muerte de Joaqu\u00edn y su compa\u00f1ero, se desprendieron varias causas. (\u2026) Tenemos una causa iniciada contra las hijas o la familia de Sidan y contra una de las hijas de Brondo, que ser\u00eda el que gan\u00f3 la licitaci\u00f3n, en la Fiscal\u00eda N\u00b08 de San Mart\u00edn, que es un Fiscal\u00eda de delitos especiales en tem\u00e1tica estafas y dem\u00e1s porque se est\u00e1 investigando la posible comisi\u00f3n del delito de administraci\u00f3n fraudulenta y dem\u00e1s contra el Estado. De esa causa, ped\u00ed que se abra una en contra de Jaime M\u00e9ndez y sus funcionarios, por esa cuesti\u00f3n en particular, estoy esperando que se haga un desprendimiento de esa causa tambi\u00e9n\u201d<\/em>.<\/p>\n\n\n\n<p>Por otro lado, L\u00f3pez, puntualiz\u00f3 en la car\u00e1tula del caso <em>\u201cLa Fiscal\u00eda en un principio piensa que esto es un homicidio culposo, independientemente de que yo ya ped\u00ed al Juez de Garant\u00eda el cambio de calificaci\u00f3n el a\u00f1o pasado, a homicidio con dolo eventual y el Juez me dijo que lo iba a resolver oportunamente. As\u00ed que entiendo que lo va a resolver al momento en que la Fiscal\u00eda pida la elevaci\u00f3n a juicio. Ahora lo que no comparto con el Ministerio P\u00fablico Fiscal es que entendiendo la Fiscal\u00eda que esto se trata de un homicidio culposo, debe ser agravado por la pluralidad de victimas en este caso y en ese caso deber\u00eda haber gente detenida y la Fiscal\u00eda no pidi\u00f3 la detenci\u00f3n\u201d<\/em>.<\/p>\n\n\n\n<p>Finalmente, el Doctor Edgardo L\u00f3pez remarc\u00f3 <em>\u201cEstamos a la espera de que la justicia haga lo que tenga que hacer y que avance. (\u2026) Y esperemos que se abra la causa penal, tambi\u00e9n, en contra de Jaime M\u00e9ndez y otros funcionarios que est\u00e1n denunciados en la UFI N\u00b0 8\u201d<\/em>.<\/p>\n\n\n\n<p>Compartimos la entrevista completa<\/p>\n\n\n\n<p><a href=\"https:\/\/archive.org\/details\/audio-abogado-edgardo-lo-pez-caso-joaquin\">Descargar<\/a><\/p>\n\n\n\n<figure class=\"wp-block-embed is-type-rich is-provider-gestor-del-servicio wp-block-embed-gestor-del-servicio\"><div class=\"wp-block-embed__wrapper\">\n<audio class=\"wp-audio-shortcode\" id=\"audio-7307-1\" preload=\"none\" style=\"width: 100%;\" controls=\"controls\"><source type=\"audio\/mpeg\" src=\"https:\/\/dn710601.ca.archive.org\/0\/items\/audio-abogado-edgardo-lo-pez-caso-joaquin\/AUDIO%20-%20ABOGADO%20EDGARDO%20L%C3%93PEZ%20%28CASO%20JOAQUIN%29.mp3?_=1\" \/><a href=\"https:\/\/dn710601.ca.archive.org\/0\/items\/audio-abogado-edgardo-lo-pez-caso-joaquin\/AUDIO%20-%20ABOGADO%20EDGARDO%20L%C3%93PEZ%20%28CASO%20JOAQUIN%29.mp3\">https:\/\/dn710601.ca.archive.org\/0\/items\/audio-abogado-edgardo-lo-pez-caso-joaquin\/AUDIO%20-%20ABOGADO%20EDGARDO%20L%C3%93PEZ%20%28CASO%20JOAQUIN%29.mp3<\/a><\/audio>\n<\/div><\/figure>\n","protected":false},"excerpt":{"rendered":"<p>Joaqu\u00edn Ortega y Roberto Mora, perdieron la vida el s\u00e1bado 10 de mayo de 2025 por un accidente laboral y sus familiares y amigos contin\u00faan reclamando justicia concreta. Se encontraban pintando postes de luz para la empresa GEA Group, contratada por el municipio, y no contaban con ninguna protecci\u00f3n personal o preparaci\u00f3n para realizar el [&hellip;]<\/p>\n","protected":false},"author":1,"featured_media":7308,"comment_status":"open","ping_status":"open","sticky":false,"template":"","format":"standard","meta":{"footnotes":""},"categories":[9],"tags":[],"class_list":["post-7307","post","type-post","status-publish","format-standard","has-post-thumbnail","hentry","category-sociedad"],"_links":{"self":[{"href":"https:\/\/fmtinkunaco.ar\/index.php?rest_route=\/wp\/v2\/posts\/7307","targetHints":{"allow":["GET"]}}],"collection":[{"href":"https:\/\/fmtinkunaco.ar\/index.php?rest_route=\/wp\/v2\/posts"}],"about":[{"href":"https:\/\/fmtinkunaco.ar\/index.php?rest_route=\/wp\/v2\/types\/post"}],"author":[{"embeddable":true,"href":"https:\/\/fmtinkunaco.ar\/index.php?rest_route=\/wp\/v2\/users\/1"}],"replies":[{"embeddable":true,"href":"https:\/\/fmtinkunaco.ar\/index.php?rest_route=%2Fwp%2Fv2%2Fcomments&post=7307"}],"version-history":[{"count":1,"href":"https:\/\/fmtinkunaco.ar\/index.php?rest_route=\/wp\/v2\/posts\/7307\/revisions"}],"predecessor-version":[{"id":7309,"href":"https:\/\/fmtinkunaco.ar\/index.php?rest_route=\/wp\/v2\/posts\/7307\/revisions\/7309"}],"wp:featuredmedia":[{"embeddable":true,"href":"https:\/\/fmtinkunaco.ar\/index.php?rest_route=\/wp\/v2\/media\/7308"}],"wp:attachment":[{"href":"https:\/\/fmtinkunaco.ar\/index.php?rest_route=%2Fwp%2Fv2%2Fmedia&parent=7307"}],"wp:term":[{"taxonomy":"category","embeddable":true,"href":"https:\/\/fmtinkunaco.ar\/index.php?rest_route=%2Fwp%2Fv2%2Fcategories&post=7307"},{"taxonomy":"post_tag","embeddable":true,"href":"https:\/\/fmtinkunaco.ar\/index.php?rest_route=%2Fwp%2Fv2%2Ftags&post=7307"}],"curies":[{"name":"wp","href":"https:\/\/api.w.org\/{rel}","templated":true}]}}