{"id":7310,"date":"2026-03-13T11:00:34","date_gmt":"2026-03-13T14:00:34","guid":{"rendered":"https:\/\/fmtinkunaco.ar\/?p=7310"},"modified":"2026-03-13T11:00:34","modified_gmt":"2026-03-13T14:00:34","slug":"el-espacio-torrente-teatral-celebra-10-anos-de-trabajo-con-un-encuentro-teatral","status":"publish","type":"post","link":"https:\/\/fmtinkunaco.ar\/?p=7310","title":{"rendered":"El Espacio Torrente Teatral celebra 10 a\u00f1os de trabajo con un Encuentro Teatral"},"content":{"rendered":"\n<p>El Espacio Torrente Teatral realizar\u00e1 el 1er Encuentro Teatral, el 20 21 y 22 de marzo, a modo festejo por los 10 a\u00f1os de trabajo y aporte a la cultura pilarense.<\/p>\n\n\n\n<p>Mart\u00edn Simeoni, referente del Espacio Torrente Teatral, describi\u00f3 el nacimiento del espacio <em>\u201cEra el sue\u00f1o del pibe, tener su propio teatro. (\u2026) Fue una primera etapa donde tiramos un par de paredes abajo y despu\u00e9s vimos que funcionaba, que la gente respond\u00eda. Uno tambi\u00e9n siempre le meti\u00f3 toda la onda, todo el amor, todo el laburo, y creo que eso en alg\u00fan momento viene, te lo devuelven. Despu\u00e9s, a los dos a\u00f1os, tiramos otras paredes abajo, ampliamos el camar\u00edn, levantamos una parte de los techos y se transform\u00f3 en una sala\u201d<\/em>.<\/p>\n\n\n\n<p>Adem\u00e1s, Simeoni, comparti\u00f3 la iniciativa del gran festejo que realizar\u00e1n, <em>\u201cVamos a hacer un encuentro con elencos de afuera, que siempre nos abren las puertas a nosotros, y tambi\u00e9n est\u00e1 bueno esta cosa del ida y vuelta. Entonces dijimos vamos a traer tres compa\u00f1\u00edas de primer nivel, que son del grupo Del Borde, de Las Flores; Al Carajo Clown, que son de Mor\u00f3n y los chicos de La Herrer\u00eda que tambi\u00e9n vienen haciendo un laburo espectacular\u201d<\/em>.<\/p>\n\n\n\n<p>La invitaci\u00f3n es para los d\u00edas 20, 21 y 22 de marzo, en el Espacio Torrente Teatral ubicado en Bol\u00edvar 416, partido de Pilar.<\/p>\n\n\n\n<p>Las reservas se hacen a trav\u00e9s del 11 4028 0423, por un valor de $12.000 o acerc\u00e1ndose al Espacio.<\/p>\n\n\n\n<p>Compartimos la entrevista completa<\/p>\n\n\n\n<p><a href=\"https:\/\/archive.org\/details\/audio-martin-simeoni-torrente-13-03\">Descargar<\/a><\/p>\n\n\n\n<figure class=\"wp-block-embed is-type-rich is-provider-gestor-del-servicio wp-block-embed-gestor-del-servicio\"><div class=\"wp-block-embed__wrapper\">\n<audio class=\"wp-audio-shortcode\" id=\"audio-7310-1\" preload=\"none\" style=\"width: 100%;\" controls=\"controls\"><source type=\"audio\/mpeg\" src=\"https:\/\/dn711104.ca.archive.org\/0\/items\/audio-martin-simeoni-torrente-13-03\/AUDIO%20-%20MARTIN%20SIMEONI%20%28TORRENTE%29%2013%2003%20.mp3?_=1\" \/><a href=\"https:\/\/dn711104.ca.archive.org\/0\/items\/audio-martin-simeoni-torrente-13-03\/AUDIO%20-%20MARTIN%20SIMEONI%20%28TORRENTE%29%2013%2003%20.mp3\">https:\/\/dn711104.ca.archive.org\/0\/items\/audio-martin-simeoni-torrente-13-03\/AUDIO%20-%20MARTIN%20SIMEONI%20%28TORRENTE%29%2013%2003%20.mp3<\/a><\/audio>\n<\/div><\/figure>\n\n\n\n<p><\/p>\n","protected":false},"excerpt":{"rendered":"<p>El Espacio Torrente Teatral realizar\u00e1 el 1er Encuentro Teatral, el 20 21 y 22 de marzo, a modo festejo por los 10 a\u00f1os de trabajo y aporte a la cultura pilarense. Mart\u00edn Simeoni, referente del Espacio Torrente Teatral, describi\u00f3 el nacimiento del espacio \u201cEra el sue\u00f1o del pibe, tener su propio teatro. (\u2026) Fue una [&hellip;]<\/p>\n","protected":false},"author":1,"featured_media":7311,"comment_status":"open","ping_status":"open","sticky":false,"template":"","format":"standard","meta":{"footnotes":""},"categories":[3],"tags":[],"class_list":["post-7310","post","type-post","status-publish","format-standard","has-post-thumbnail","hentry","category-cultura"],"_links":{"self":[{"href":"https:\/\/fmtinkunaco.ar\/index.php?rest_route=\/wp\/v2\/posts\/7310","targetHints":{"allow":["GET"]}}],"collection":[{"href":"https:\/\/fmtinkunaco.ar\/index.php?rest_route=\/wp\/v2\/posts"}],"about":[{"href":"https:\/\/fmtinkunaco.ar\/index.php?rest_route=\/wp\/v2\/types\/post"}],"author":[{"embeddable":true,"href":"https:\/\/fmtinkunaco.ar\/index.php?rest_route=\/wp\/v2\/users\/1"}],"replies":[{"embeddable":true,"href":"https:\/\/fmtinkunaco.ar\/index.php?rest_route=%2Fwp%2Fv2%2Fcomments&post=7310"}],"version-history":[{"count":1,"href":"https:\/\/fmtinkunaco.ar\/index.php?rest_route=\/wp\/v2\/posts\/7310\/revisions"}],"predecessor-version":[{"id":7312,"href":"https:\/\/fmtinkunaco.ar\/index.php?rest_route=\/wp\/v2\/posts\/7310\/revisions\/7312"}],"wp:featuredmedia":[{"embeddable":true,"href":"https:\/\/fmtinkunaco.ar\/index.php?rest_route=\/wp\/v2\/media\/7311"}],"wp:attachment":[{"href":"https:\/\/fmtinkunaco.ar\/index.php?rest_route=%2Fwp%2Fv2%2Fmedia&parent=7310"}],"wp:term":[{"taxonomy":"category","embeddable":true,"href":"https:\/\/fmtinkunaco.ar\/index.php?rest_route=%2Fwp%2Fv2%2Fcategories&post=7310"},{"taxonomy":"post_tag","embeddable":true,"href":"https:\/\/fmtinkunaco.ar\/index.php?rest_route=%2Fwp%2Fv2%2Ftags&post=7310"}],"curies":[{"name":"wp","href":"https:\/\/api.w.org\/{rel}","templated":true}]}}