{"id":7313,"date":"2026-03-16T09:40:53","date_gmt":"2026-03-16T12:40:53","guid":{"rendered":"https:\/\/fmtinkunaco.ar\/?p=7313"},"modified":"2026-03-16T09:40:54","modified_gmt":"2026-03-16T12:40:54","slug":"la-reserva-natural-de-pilar-invita-a-la-jornada-50-anos-50-plantas-nunca-mas","status":"publish","type":"post","link":"https:\/\/fmtinkunaco.ar\/?p=7313","title":{"rendered":"La Reserva Natural de Pilar invita a la jornada \u201c50 a\u00f1os, 50 plantas, Nunca M\u00e1s\u201d"},"content":{"rendered":"\n<p>En el marco de los 50 a\u00f1os del Golpe C\u00edvico, Militar y Eclesi\u00e1stico, la Reserva Natural de Pilar invita a la jornada <strong>\u201c50 a\u00f1os, 50 plantas, Nunca M\u00e1s\u201d<\/strong>, una jornada especial de plantaci\u00f3n en el Bosque de la Memo, el pr\u00f3ximo lunes 23 de marzo, a partir de las 10hs.<\/p>\n\n\n\n<p>Graciela Capodoglio, es referente de la Reserva Natural de Pilar, y se refiri\u00f3 a esta importante jornada por los Derechos Humanos <em>\u201cEstaremos haciendo una jornada de reflexi\u00f3n, donde pondremos el acento en la historia, en el respeto de la diversidad y en el amor a la naturaleza\u201d<\/em>.<\/p>\n\n\n\n<p>Adem\u00e1s, Capodoglio, remarc\u00f3 <em>\u201cEste a\u00f1o, son 50 a\u00f1os de la dictadura m\u00e1s atroz que vivi\u00f3 la Argentina y es un momento en que la historia ara otra vez en el presente. Desde all\u00ed, les pedimos que vengan a plantar 50 \u00e1rboles y de esta manera confirmar, reafirmar, y fortalecer el Nunca M\u00e1s\u201d<\/em>.<\/p>\n\n\n\n<p>La invitaci\u00f3n es el lunes 23 a partir de las 10hs, con plantaci\u00f3n de \u00e1rboles pero tambi\u00e9n con muisca y reflexi\u00f3n.<\/p>\n\n\n\n<p>Compartimos la invitaci\u00f3n<\/p>\n\n\n\n<p><a href=\"https:\/\/archive.org\/details\/audio-graciela-capodoglio-plantacion-23-03\">Descargar<\/a><\/p>\n\n\n\n<figure class=\"wp-block-embed is-type-rich is-provider-gestor-del-servicio wp-block-embed-gestor-del-servicio\"><div class=\"wp-block-embed__wrapper\">\n<audio class=\"wp-audio-shortcode\" id=\"audio-7313-1\" preload=\"none\" style=\"width: 100%;\" controls=\"controls\"><source type=\"audio\/mpeg\" src=\"https:\/\/dn710204.ca.archive.org\/0\/items\/audio-graciela-capodoglio-plantacion-23-03\/AUDIO%20-%20GRACIELA%20CAPODOGLIO%20%28PLANTACION%29%2023%2003.mp3?_=1\" \/><a href=\"https:\/\/dn710204.ca.archive.org\/0\/items\/audio-graciela-capodoglio-plantacion-23-03\/AUDIO%20-%20GRACIELA%20CAPODOGLIO%20%28PLANTACION%29%2023%2003.mp3\">https:\/\/dn710204.ca.archive.org\/0\/items\/audio-graciela-capodoglio-plantacion-23-03\/AUDIO%20-%20GRACIELA%20CAPODOGLIO%20%28PLANTACION%29%2023%2003.mp3<\/a><\/audio>\n<\/div><\/figure>\n","protected":false},"excerpt":{"rendered":"<p>En el marco de los 50 a\u00f1os del Golpe C\u00edvico, Militar y Eclesi\u00e1stico, la Reserva Natural de Pilar invita a la jornada \u201c50 a\u00f1os, 50 plantas, Nunca M\u00e1s\u201d, una jornada especial de plantaci\u00f3n en el Bosque de la Memo, el pr\u00f3ximo lunes 23 de marzo, a partir de las 10hs. Graciela Capodoglio, es referente de [&hellip;]<\/p>\n","protected":false},"author":1,"featured_media":7314,"comment_status":"open","ping_status":"open","sticky":false,"template":"","format":"standard","meta":{"footnotes":""},"categories":[4],"tags":[],"class_list":["post-7313","post","type-post","status-publish","format-standard","has-post-thumbnail","hentry","category-derechos-humanos"],"_links":{"self":[{"href":"https:\/\/fmtinkunaco.ar\/index.php?rest_route=\/wp\/v2\/posts\/7313","targetHints":{"allow":["GET"]}}],"collection":[{"href":"https:\/\/fmtinkunaco.ar\/index.php?rest_route=\/wp\/v2\/posts"}],"about":[{"href":"https:\/\/fmtinkunaco.ar\/index.php?rest_route=\/wp\/v2\/types\/post"}],"author":[{"embeddable":true,"href":"https:\/\/fmtinkunaco.ar\/index.php?rest_route=\/wp\/v2\/users\/1"}],"replies":[{"embeddable":true,"href":"https:\/\/fmtinkunaco.ar\/index.php?rest_route=%2Fwp%2Fv2%2Fcomments&post=7313"}],"version-history":[{"count":1,"href":"https:\/\/fmtinkunaco.ar\/index.php?rest_route=\/wp\/v2\/posts\/7313\/revisions"}],"predecessor-version":[{"id":7315,"href":"https:\/\/fmtinkunaco.ar\/index.php?rest_route=\/wp\/v2\/posts\/7313\/revisions\/7315"}],"wp:featuredmedia":[{"embeddable":true,"href":"https:\/\/fmtinkunaco.ar\/index.php?rest_route=\/wp\/v2\/media\/7314"}],"wp:attachment":[{"href":"https:\/\/fmtinkunaco.ar\/index.php?rest_route=%2Fwp%2Fv2%2Fmedia&parent=7313"}],"wp:term":[{"taxonomy":"category","embeddable":true,"href":"https:\/\/fmtinkunaco.ar\/index.php?rest_route=%2Fwp%2Fv2%2Fcategories&post=7313"},{"taxonomy":"post_tag","embeddable":true,"href":"https:\/\/fmtinkunaco.ar\/index.php?rest_route=%2Fwp%2Fv2%2Ftags&post=7313"}],"curies":[{"name":"wp","href":"https:\/\/api.w.org\/{rel}","templated":true}]}}