{"id":7316,"date":"2026-03-16T11:10:54","date_gmt":"2026-03-16T14:10:54","guid":{"rendered":"https:\/\/fmtinkunaco.ar\/?p=7316"},"modified":"2026-03-16T11:10:54","modified_gmt":"2026-03-16T14:10:54","slug":"17-caravana-por-la-memoria-la-verdad-y-la-justicia","status":"publish","type":"post","link":"https:\/\/fmtinkunaco.ar\/?p=7316","title":{"rendered":"17\u00b0 Caravana por la Memoria, la Verdad y la Justicia"},"content":{"rendered":"\n<p>El pr\u00f3ximo s\u00e1bado 21 de marzo, desde las 8.30hs, se realizar\u00e1 la 17\u00b0 Caravana por la Memoria, la Verdad y la Justicia, que recorre el circuito represivo de la subzona 16 a cargo de la Fuerza A\u00e9rea Argentina.<\/p>\n\n\n\n<p>Martha Ibarra, es referente de Moreno por la Memoria, y remarc\u00f3 el significado de esta Caravana, <em>\u201cUn a\u00f1o muy particular, por los 50 a\u00f1os y tambi\u00e9n por algo muy espec\u00edfico, nosotros pedimos juicio y castigo y hablamos de memoria, verdad y justicia y este a\u00f1o, hay justicia. Este a\u00f1o culmina el juicio del circuito represivo de la subzona 16, el cuarto en el tramo Ser\u00e9, pero es el primero de Moreno; la primera vez que se juzga a la Fuerza A\u00e9rea de Moreno y pensamos que la sentencia es ahora, fin de marzo, principio de abril\u201d<\/em>.<\/p>\n\n\n\n<p>La Caravana tendr\u00e1 17 paradas que adem\u00e1s de reflejar parte del recorrido represivo, pretende reflejar las luchas y exigencias actuales, as\u00ed como la defensa de los derechos: Comisar\u00eda 1\u00b0 de Moreno, Ex instituto de Menores Riglos, Comisar\u00eda 1\u00b0 de Merlo, Plaza de Ituizang\u00f3, Escuelita Campesina del INTA, Comisaria 2\u00b0 de Villa Tesei, Espacio de la Memoria Odila Casella, Hospital Posadas, Regional de Inteligencia Bs As Riba, Comisar\u00eda 3\u00b0 de Castelar y Mansi\u00f3n Ser\u00e9.<\/p>\n\n\n\n<p>Ibarra, adem\u00e1s, explic\u00f3 <em>\u201cEs la caravana N\u00b0 17 y es el 4to juicio que tiene que ver con el circuito represivo, el que esta terminando ahora. Es muy importante este a\u00f1o esta caravana, es la primera vez que se juzgan delitos sexuales en el circuito\u201d<\/em>.<\/p>\n\n\n\n<p>La caravana ser\u00e1 el s\u00e1bado 21 de marzo, a partir de las 8.30hs. El punto de concentraci\u00f3n y partida es la Comisar\u00eda 1\u00b0 de Moreno.<\/p>\n\n\n\n<p>Compartimos la entrevista completa<\/p>\n\n\n\n<p><a href=\"https:\/\/archive.org\/details\/audio-martha-ibarra-mxm-16-03-2026\">Descargar<\/a><\/p>\n\n\n\n<figure class=\"wp-block-embed is-type-rich is-provider-gestor-del-servicio wp-block-embed-gestor-del-servicio\"><div class=\"wp-block-embed__wrapper\">\n<audio class=\"wp-audio-shortcode\" id=\"audio-7316-1\" preload=\"none\" style=\"width: 100%;\" controls=\"controls\"><source type=\"audio\/mpeg\" src=\"https:\/\/dn710102.ca.archive.org\/0\/items\/audio-martha-ibarra-mxm-16-03-2026\/AUDIO%20-%20MARTHA%20IBARRA%20%28MXM%29%2016%2003%202026.mp3?_=1\" \/><a href=\"https:\/\/dn710102.ca.archive.org\/0\/items\/audio-martha-ibarra-mxm-16-03-2026\/AUDIO%20-%20MARTHA%20IBARRA%20%28MXM%29%2016%2003%202026.mp3\">https:\/\/dn710102.ca.archive.org\/0\/items\/audio-martha-ibarra-mxm-16-03-2026\/AUDIO%20-%20MARTHA%20IBARRA%20%28MXM%29%2016%2003%202026.mp3<\/a><\/audio>\n<\/div><\/figure>\n","protected":false},"excerpt":{"rendered":"<p>El pr\u00f3ximo s\u00e1bado 21 de marzo, desde las 8.30hs, se realizar\u00e1 la 17\u00b0 Caravana por la Memoria, la Verdad y la Justicia, que recorre el circuito represivo de la subzona 16 a cargo de la Fuerza A\u00e9rea Argentina. Martha Ibarra, es referente de Moreno por la Memoria, y remarc\u00f3 el significado de esta Caravana, \u201cUn [&hellip;]<\/p>\n","protected":false},"author":1,"featured_media":7318,"comment_status":"open","ping_status":"open","sticky":false,"template":"","format":"standard","meta":{"footnotes":""},"categories":[4],"tags":[],"class_list":["post-7316","post","type-post","status-publish","format-standard","has-post-thumbnail","hentry","category-derechos-humanos"],"_links":{"self":[{"href":"https:\/\/fmtinkunaco.ar\/index.php?rest_route=\/wp\/v2\/posts\/7316","targetHints":{"allow":["GET"]}}],"collection":[{"href":"https:\/\/fmtinkunaco.ar\/index.php?rest_route=\/wp\/v2\/posts"}],"about":[{"href":"https:\/\/fmtinkunaco.ar\/index.php?rest_route=\/wp\/v2\/types\/post"}],"author":[{"embeddable":true,"href":"https:\/\/fmtinkunaco.ar\/index.php?rest_route=\/wp\/v2\/users\/1"}],"replies":[{"embeddable":true,"href":"https:\/\/fmtinkunaco.ar\/index.php?rest_route=%2Fwp%2Fv2%2Fcomments&post=7316"}],"version-history":[{"count":1,"href":"https:\/\/fmtinkunaco.ar\/index.php?rest_route=\/wp\/v2\/posts\/7316\/revisions"}],"predecessor-version":[{"id":7319,"href":"https:\/\/fmtinkunaco.ar\/index.php?rest_route=\/wp\/v2\/posts\/7316\/revisions\/7319"}],"wp:featuredmedia":[{"embeddable":true,"href":"https:\/\/fmtinkunaco.ar\/index.php?rest_route=\/wp\/v2\/media\/7318"}],"wp:attachment":[{"href":"https:\/\/fmtinkunaco.ar\/index.php?rest_route=%2Fwp%2Fv2%2Fmedia&parent=7316"}],"wp:term":[{"taxonomy":"category","embeddable":true,"href":"https:\/\/fmtinkunaco.ar\/index.php?rest_route=%2Fwp%2Fv2%2Fcategories&post=7316"},{"taxonomy":"post_tag","embeddable":true,"href":"https:\/\/fmtinkunaco.ar\/index.php?rest_route=%2Fwp%2Fv2%2Ftags&post=7316"}],"curies":[{"name":"wp","href":"https:\/\/api.w.org\/{rel}","templated":true}]}}