{"id":739,"date":"2010-03-31T10:46:00","date_gmt":"2010-03-31T13:46:00","guid":{"rendered":"http:\/\/fmtinkunaco.redelivre.org.br\/entrevista-a-pedro-moreira-2\/"},"modified":"2010-03-31T10:46:00","modified_gmt":"2010-03-31T13:46:00","slug":"entrevista-a-pedro-moreira-2","status":"publish","type":"post","link":"https:\/\/fmtinkunaco.ar\/?p=739","title":{"rendered":"Entrevista a Pedro Moreira"},"content":{"rendered":"<p>Compartimos una entrevista realizada hace algunos d\u00edas a Pedro Moreira, uno de los fundadores de la biblioteca y museo indoamericano Intihuasi, reconocido el a\u00f1o pasado como ciudadano ilustre de la ciudad de San Miguel.<\/p>\n<div style=\"clear: both;text-align: center\"><a href=\"http:\/\/3.bp.blogspot.com\/_aUP2AqqX_a8\/S7NSFTYEGfI\/AAAAAAAABVs\/xNPTmkZRd9E\/s1600\/sdc14380.jpg\" style=\"margin-left: 1em;margin-right: 1em\"><img decoding=\"async\" border=\"0\" src=\"http:\/\/3.bp.blogspot.com\/_aUP2AqqX_a8\/S7NSFTYEGfI\/AAAAAAAABVs\/xNPTmkZRd9E\/s320\/sdc14380.jpg\" \/><\/a><\/div>\n<p>Nuestro compa\u00f1ero Alejandro Leguizamon visito la biblioteca y dialog\u00f3 con Pedro<\/p>\n<p>Para descargar esta entrevista <a href=\"http:\/\/www.archive.org\/download\/EntrevistaPedroMoreira-Intihuasi\/EntrevistaAPedroMoreira-Intihuasi.mp3\">click aca<\/a><\/p>\n","protected":false},"excerpt":{"rendered":"<p>Compartimos una entrevista realizada hace algunos d\u00edas a Pedro Moreira, uno de los fundadores de la biblioteca y museo indoamericano Intihuasi, reconocido el a\u00f1o pasado como ciudadano ilustre de la ciudad de San Miguel. Nuestro compa\u00f1ero Alejandro Leguizamon visito la biblioteca y dialog\u00f3 con Pedro Para descargar esta entrevista click aca<\/p>\n","protected":false},"author":1,"featured_media":0,"comment_status":"open","ping_status":"open","sticky":false,"template":"","format":"standard","meta":{"footnotes":""},"categories":[8],"tags":[],"class_list":["post-739","post","type-post","status-publish","format-standard","hentry","category-sem-categoria"],"_links":{"self":[{"href":"https:\/\/fmtinkunaco.ar\/index.php?rest_route=\/wp\/v2\/posts\/739","targetHints":{"allow":["GET"]}}],"collection":[{"href":"https:\/\/fmtinkunaco.ar\/index.php?rest_route=\/wp\/v2\/posts"}],"about":[{"href":"https:\/\/fmtinkunaco.ar\/index.php?rest_route=\/wp\/v2\/types\/post"}],"author":[{"embeddable":true,"href":"https:\/\/fmtinkunaco.ar\/index.php?rest_route=\/wp\/v2\/users\/1"}],"replies":[{"embeddable":true,"href":"https:\/\/fmtinkunaco.ar\/index.php?rest_route=%2Fwp%2Fv2%2Fcomments&post=739"}],"version-history":[{"count":0,"href":"https:\/\/fmtinkunaco.ar\/index.php?rest_route=\/wp\/v2\/posts\/739\/revisions"}],"wp:attachment":[{"href":"https:\/\/fmtinkunaco.ar\/index.php?rest_route=%2Fwp%2Fv2%2Fmedia&parent=739"}],"wp:term":[{"taxonomy":"category","embeddable":true,"href":"https:\/\/fmtinkunaco.ar\/index.php?rest_route=%2Fwp%2Fv2%2Fcategories&post=739"},{"taxonomy":"post_tag","embeddable":true,"href":"https:\/\/fmtinkunaco.ar\/index.php?rest_route=%2Fwp%2Fv2%2Ftags&post=739"}],"curies":[{"name":"wp","href":"https:\/\/api.w.org\/{rel}","templated":true}]}}