{"id":740,"date":"2010-03-31T01:21:00","date_gmt":"2010-03-31T04:21:00","guid":{"rendered":"http:\/\/fmtinkunaco.redelivre.org.br\/intentaron-robar-la-tinkunaco-y-esto-empieza-a-oler-mal\/"},"modified":"2010-03-31T01:21:00","modified_gmt":"2010-03-31T04:21:00","slug":"intentaron-robar-la-tinkunaco-y-esto-empieza-a-oler-mal","status":"publish","type":"post","link":"https:\/\/fmtinkunaco.ar\/?p=740","title":{"rendered":"Intentaron robar la Tinkunaco  y esto empieza a oler mal."},"content":{"rendered":"<p>Si hasta hace algunas semanas nos permit\u00edamos el privilegio de la duda (cuando ingresaron el 4 de marzo a los estudios de la radio y se llevaron gran parte del equipamiento) ahora algo empieza a oler mal.<\/p>\n<p>Esta ma\u00f1ana otra vez encontramos la puerta del centro comunitario bel\u00e9n (donde funciona la Radio) violentada.<\/p>\n<div style=\"clear: both;text-align: center\"><a href=\"http:\/\/1.bp.blogspot.com\/_aUP2AqqX_a8\/S7LMrrim5PI\/AAAAAAAABVE\/F4HEve5dDCo\/s1600\/Foto0502.jpg\" style=\"margin-left: 1em;margin-right: 1em\"><img decoding=\"async\" border=\"0\" src=\"http:\/\/1.bp.blogspot.com\/_aUP2AqqX_a8\/S7LMrrim5PI\/AAAAAAAABVE\/F4HEve5dDCo\/s320\/Foto0502.jpg\" \/><\/a><\/div>\n<p>Esta vez revisaron la oficina de administraci\u00f3n desde donde substrajeron una impresora HP, tomaron una serie de llaves de los salones y subieron hasta la radio a probar si alguna de estas llaves abr\u00eda la puerta.<\/p>\n<p>Como no lograron abrirla barretearon las dos cerraduras de la puerta de acceso a la radio sin tener \u00e9xito. Esta vez la Tinkunaco se salvo. Pero empiezan a aparecer nuevamente varias preguntas<\/p>\n<p>\u00bfPor qu\u00e9 desde aquel robo no se acerco ning\u00fan efectivo policial? Ni siquiera a corroborar lo denunciado.<\/p>\n<p>\u00bfQui\u00e9n entra dos veces en menos mes de un mes a un centro comunitario donde reciben contenci\u00f3n, alimento y educaci\u00f3n m\u00e1s de 200 ni\u00f1os y ni\u00f1as?<\/p>\n<p>Por otro lado, quienes ingresaron, tuvieron todo el tiempo del mundo para entrar a los salones, al dep\u00f3sito de mercader\u00eda, a la cocina, pero decidieron solo forzar la puerta de la emisora. \u00bfPor qu\u00e9?<\/p>\n<p>Es imposible no relacionar el nuevo episodio de intento de robo de la Tinkunaco con la postura que esta emisora tiene respecto a los problemas de los vecinos y vecinas.<\/p>\n<div style=\"clear: both;text-align: center\"><a href=\"http:\/\/4.bp.blogspot.com\/_aUP2AqqX_a8\/S7LND0jAtNI\/AAAAAAAABVU\/vtmnlCU3b3Q\/s1600\/Foto0511.jpg\" style=\"margin-left: 1em;margin-right: 1em\"><img decoding=\"async\" border=\"0\" src=\"http:\/\/4.bp.blogspot.com\/_aUP2AqqX_a8\/S7LND0jAtNI\/AAAAAAAABVU\/vtmnlCU3b3Q\/s320\/Foto0511.jpg\" \/><\/a><\/div>\n<p>En las \u00faltimas dos semanas cerca de 30 llamados y mensajes  de texto llegaron denunciando la falta de pago del \u00faltimo mes del llamado plan veredas en Jos\u00e9 c Paz.  Seg\u00fan esta denuncia en alg\u00fan lugar se va a quedar mucha, mucha plata.<\/p>\n<p>Esta vez no se llevaron demasiado (aunque si rompieron mucho) pero el trago amargo de las compa\u00f1eras que abren el centro comunitario y de los compa\u00f1eros que abren la radio comunitario todas las ma\u00f1anas no se lo quita nadie.<\/p>\n<div style=\"clear: both;text-align: center\"><a href=\"http:\/\/2.bp.blogspot.com\/_aUP2AqqX_a8\/S7LM7vyHwOI\/AAAAAAAABVM\/T8WP6PiTk7o\/s1600\/Foto0509.jpg\" style=\"margin-left: 1em;margin-right: 1em\"><img decoding=\"async\" border=\"0\" src=\"http:\/\/2.bp.blogspot.com\/_aUP2AqqX_a8\/S7LM7vyHwOI\/AAAAAAAABVM\/T8WP6PiTk7o\/s320\/Foto0509.jpg\" \/><\/a><\/div>\n<p>Ante este nuevo episodio se llamo al 911 (como nos recomendaron la \u00faltima vez que realizamos la denuncia en la comisaria 3\u00b0 de Jos\u00e9 C Paz) pero el patrullero lleg\u00f3 luego de una hora (porque seg\u00fan informaron los uniformados eran el \u00fanico patrullero disponible patrullando a esa hora en Jos\u00e9 C Paz).<\/p>\n<div style=\"clear: both;text-align: center\"><a href=\"http:\/\/1.bp.blogspot.com\/_aUP2AqqX_a8\/S7LNIoIy5DI\/AAAAAAAABVc\/QHFL3LS7OtU\/s1600\/Foto0513.jpg\" style=\"margin-left: 1em;margin-right: 1em\"><img decoding=\"async\" border=\"0\" src=\"http:\/\/1.bp.blogspot.com\/_aUP2AqqX_a8\/S7LNIoIy5DI\/AAAAAAAABVc\/QHFL3LS7OtU\/s320\/Foto0513.jpg\" \/><\/a><\/div>\n<p>Despu\u00e9s de una nueva asamblea en la radio lo que queda claro es que algo huele mal. No parece ser un t\u00edpico caso de \u201cinseguridad\u201d<\/p>\n<p>No se puede callar ni amedrentar el legitimo reclamo de los vecinos de barrio primavera (que esta ma\u00f1ana cortaron la ruta Saavedra Lamas hartos de que no se escuche su reclamo de calles transitables que les permitan no inundarse), ni el de los vecinos que sienten que les est\u00e1n metiendo la mano en el bolsillo por no pagarles el llamado plan veredas, ni el de los vecinos de Del viso que cortaron la panamericana hartos de pedir calles transitables y no inundarse, o que pueda entrar una ambulancia cuando hace falta, por mencionar solo tres de los \u00faltimos reclamos de los que se ha hacho eco nuestra radio comunitaria.<\/p>\n<p>Por todo esto<\/p>\n<p>Denunciamos que, por lo menos, algo huele mal<\/p>\n<p>FM Tinkunaco, Tu voz, nuestra voz.<\/p>\n","protected":false},"excerpt":{"rendered":"<p>Si hasta hace algunas semanas nos permit\u00edamos el privilegio de la duda (cuando ingresaron el 4 de marzo a los estudios de la radio y se llevaron gran parte del equipamiento) ahora algo empieza a oler mal. Esta ma\u00f1ana otra vez encontramos la puerta del centro comunitario bel\u00e9n (donde funciona la Radio) violentada. Esta vez [&hellip;]<\/p>\n","protected":false},"author":1,"featured_media":0,"comment_status":"open","ping_status":"open","sticky":false,"template":"","format":"standard","meta":{"footnotes":""},"categories":[8],"tags":[],"class_list":["post-740","post","type-post","status-publish","format-standard","hentry","category-sem-categoria"],"_links":{"self":[{"href":"https:\/\/fmtinkunaco.ar\/index.php?rest_route=\/wp\/v2\/posts\/740","targetHints":{"allow":["GET"]}}],"collection":[{"href":"https:\/\/fmtinkunaco.ar\/index.php?rest_route=\/wp\/v2\/posts"}],"about":[{"href":"https:\/\/fmtinkunaco.ar\/index.php?rest_route=\/wp\/v2\/types\/post"}],"author":[{"embeddable":true,"href":"https:\/\/fmtinkunaco.ar\/index.php?rest_route=\/wp\/v2\/users\/1"}],"replies":[{"embeddable":true,"href":"https:\/\/fmtinkunaco.ar\/index.php?rest_route=%2Fwp%2Fv2%2Fcomments&post=740"}],"version-history":[{"count":0,"href":"https:\/\/fmtinkunaco.ar\/index.php?rest_route=\/wp\/v2\/posts\/740\/revisions"}],"wp:attachment":[{"href":"https:\/\/fmtinkunaco.ar\/index.php?rest_route=%2Fwp%2Fv2%2Fmedia&parent=740"}],"wp:term":[{"taxonomy":"category","embeddable":true,"href":"https:\/\/fmtinkunaco.ar\/index.php?rest_route=%2Fwp%2Fv2%2Fcategories&post=740"},{"taxonomy":"post_tag","embeddable":true,"href":"https:\/\/fmtinkunaco.ar\/index.php?rest_route=%2Fwp%2Fv2%2Ftags&post=740"}],"curies":[{"name":"wp","href":"https:\/\/api.w.org\/{rel}","templated":true}]}}