{"id":7400,"date":"2026-04-28T09:09:40","date_gmt":"2026-04-28T12:09:40","guid":{"rendered":"https:\/\/fmtinkunaco.ar\/?p=7400"},"modified":"2026-04-28T09:10:59","modified_gmt":"2026-04-28T12:10:59","slug":"7400","status":"publish","type":"post","link":"https:\/\/fmtinkunaco.ar\/?p=7400","title":{"rendered":"Moreno por la Memoria repudia el Decreto Presidencial 264\/2026"},"content":{"rendered":"\n<p>El Decreto Presidencial<a href=\"https:\/\/www.boletinoficial.gob.ar\/detalleAviso\/primera\/340888\/20260417\"> 264\/2026<\/a>, con fecha del 16 de abril, autoriza el ingreso de efectivos y equipos de las Fuerzas Armadas de los Estados Unidos de Am\u00e9rica para realizar ejercicios militares denominados \u00abDaga Atl\u00e1ntica\u00bb y \u00abPASSEX\u00bb en territorio argentino, entre el 21 de abril y el 12 de junio del corriente a\u00f1o.<\/p>\n\n\n\n<p>Martha Ibarra, es referente de Moreno por la Memoria, y se refiri\u00f3 al repudio realizado por la organizaci\u00f3n de Derechos Humanos <em>\u201cNosotros lanzamos un petitorio, que es una carta, en repudio por el uso de un Sitio de Memoria, un ex Centro Clandestino de Detenci\u00f3n para sede de fuerzas estadounidenses, (\u2026) y eso est\u00e1 en nuestras redes para que pueda ser firmado\u201d<\/em>.<\/p>\n\n\n\n<p>La 7ma Brigada A\u00e9rea, antes 8va Brigada A\u00e9rea durante el terrorismo de estado y funcion\u00f3 como centro clandestino de detenci\u00f3n, es uno de los lugares que involucra el Decreto Presidencial y a\u00fan se encuentra en juicio.<\/p>\n\n\n\n<p>En este marco, organizaciones de derechos humanos, sociales y comunidad repudian y realizan diversas acciones de visibilizaci\u00f3n y rechazo a este decreto.<\/p>\n\n\n\n<p>Una de las pr\u00f3ximas acciones colectivas, ser\u00e1 el 25 de mayo, as\u00ed lo explic\u00f3 Martha Ibarra<em> \u201cLas pr\u00f3ximas acciones ac\u00e1 en Moreno, van a estar relacionadas con la visibilizaci\u00f3n de lo que pasa en la 8va Brigada a\u00e9rea, hoy 7ma Brigada, con pintadas, con volanteadas. Se va a hacer una gran marcha, convocada a todos los sectores, para el 25 de mayo; esa es la propuesta que hay hasta ahora\u201d<\/em>.<\/p>\n\n\n\n<p>Para quienes quieran firmar el repudio, pueden ingresar al <a href=\"https:\/\/docs.google.com\/forms\/d\/e\/1FAIpQLSdiZzlRL2QiNiad45MnSuZJ3opwvzgaZTl6GYaltEEerfqXRA\/viewform\">formulario<\/a>.<\/p>\n\n\n\n<p>Compartimos la entrevista completa<\/p>\n\n\n\n<p><a href=\"https:\/\/archive.org\/details\/audio-martha-ibarra-mxm-28-04-.mp-3\">Descargar<\/a><\/p>\n\n\n\n<p><\/p>\n","protected":false},"excerpt":{"rendered":"<p>El Decreto Presidencial 264\/2026, con fecha del 16 de abril, autoriza el ingreso de efectivos y equipos de las Fuerzas Armadas de los Estados Unidos de Am\u00e9rica para realizar ejercicios militares denominados \u00abDaga Atl\u00e1ntica\u00bb y \u00abPASSEX\u00bb en territorio argentino, entre el 21 de abril y el 12 de junio del corriente a\u00f1o. Martha Ibarra, es [&hellip;]<\/p>\n","protected":false},"author":1,"featured_media":7401,"comment_status":"open","ping_status":"open","sticky":false,"template":"","format":"standard","meta":{"footnotes":""},"categories":[4],"tags":[],"class_list":["post-7400","post","type-post","status-publish","format-standard","has-post-thumbnail","hentry","category-derechos-humanos"],"_links":{"self":[{"href":"https:\/\/fmtinkunaco.ar\/index.php?rest_route=\/wp\/v2\/posts\/7400","targetHints":{"allow":["GET"]}}],"collection":[{"href":"https:\/\/fmtinkunaco.ar\/index.php?rest_route=\/wp\/v2\/posts"}],"about":[{"href":"https:\/\/fmtinkunaco.ar\/index.php?rest_route=\/wp\/v2\/types\/post"}],"author":[{"embeddable":true,"href":"https:\/\/fmtinkunaco.ar\/index.php?rest_route=\/wp\/v2\/users\/1"}],"replies":[{"embeddable":true,"href":"https:\/\/fmtinkunaco.ar\/index.php?rest_route=%2Fwp%2Fv2%2Fcomments&post=7400"}],"version-history":[{"count":3,"href":"https:\/\/fmtinkunaco.ar\/index.php?rest_route=\/wp\/v2\/posts\/7400\/revisions"}],"predecessor-version":[{"id":7404,"href":"https:\/\/fmtinkunaco.ar\/index.php?rest_route=\/wp\/v2\/posts\/7400\/revisions\/7404"}],"wp:featuredmedia":[{"embeddable":true,"href":"https:\/\/fmtinkunaco.ar\/index.php?rest_route=\/wp\/v2\/media\/7401"}],"wp:attachment":[{"href":"https:\/\/fmtinkunaco.ar\/index.php?rest_route=%2Fwp%2Fv2%2Fmedia&parent=7400"}],"wp:term":[{"taxonomy":"category","embeddable":true,"href":"https:\/\/fmtinkunaco.ar\/index.php?rest_route=%2Fwp%2Fv2%2Fcategories&post=7400"},{"taxonomy":"post_tag","embeddable":true,"href":"https:\/\/fmtinkunaco.ar\/index.php?rest_route=%2Fwp%2Fv2%2Ftags&post=7400"}],"curies":[{"name":"wp","href":"https:\/\/api.w.org\/{rel}","templated":true}]}}