{"id":7405,"date":"2026-04-30T11:27:51","date_gmt":"2026-04-30T14:27:51","guid":{"rendered":"https:\/\/fmtinkunaco.ar\/?p=7405"},"modified":"2026-04-30T11:27:51","modified_gmt":"2026-04-30T14:27:51","slug":"la-mutual-primavera-celebra-24-anos-de-trabajo-en-el-territorio","status":"publish","type":"post","link":"https:\/\/fmtinkunaco.ar\/?p=7405","title":{"rendered":"La Mutual Primavera celebra 24 a\u00f1os de trabajo en el territorio"},"content":{"rendered":"\n<p>La Mutual Primavera, ubicada en barrio Primavera de Jos\u00e9. C. Paz, celebra sus 24 a\u00f1os de trabajo en el territorio con un almuerzo y merienda compartida.<\/p>\n\n\n\n<p>La celebraci\u00f3n ser\u00e1 hoy viernes 1 de mayo, a partir de las 12hs, en la Mutual Primavera&nbsp;&#8211; Santa Marta 5424.<\/p>\n\n\n\n<p>Sonia Mendoza, es referente de la Mutual Primavera, y remarc\u00f3 la importancia de estos encuentros en este contexto pol\u00edtico y social complejo <em>\u201cVamos a seguir con toda la fuerza combatiendo a este gobierno neoliberal fascista, que nos est\u00e1 agobiando, y creo que uno de los objetivos de esta organizaci\u00f3n siempre fue trabajar para lograr que las injusticias se aplaquen al menos\u201d<\/em>.<\/p>\n\n\n\n<p>Adem\u00e1s, desde la Mutual prometen <em>\u201cVamos a comer empanadas, tortafritas con mate y traigan el equipo de mate\u201d<\/em>.<\/p>\n\n\n\n<p>Compartimos invitaci\u00f3n<\/p>\n\n\n\n<figure class=\"wp-block-embed is-type-rich is-provider-gestor-del-servicio wp-block-embed-gestor-del-servicio\"><div class=\"wp-block-embed__wrapper\">\n<audio class=\"wp-audio-shortcode\" id=\"audio-7405-1\" preload=\"none\" style=\"width: 100%;\" controls=\"controls\"><source type=\"audio\/mpeg\" src=\"https:\/\/ia600706.us.archive.org\/25\/items\/audio-24-an-os-de-la-mutual-01-05\/AUDIO%20-%2024%20A%C3%91OS%20DE%20LA%20MUTUAL%2001%2005%20.mp3?_=1\" \/><a href=\"https:\/\/ia600706.us.archive.org\/25\/items\/audio-24-an-os-de-la-mutual-01-05\/AUDIO%20-%2024%20A%C3%91OS%20DE%20LA%20MUTUAL%2001%2005%20.mp3\">https:\/\/ia600706.us.archive.org\/25\/items\/audio-24-an-os-de-la-mutual-01-05\/AUDIO%20-%2024%20A%C3%91OS%20DE%20LA%20MUTUAL%2001%2005%20.mp3<\/a><\/audio>\n<\/div><\/figure>\n","protected":false},"excerpt":{"rendered":"<p>La Mutual Primavera, ubicada en barrio Primavera de Jos\u00e9. C. Paz, celebra sus 24 a\u00f1os de trabajo en el territorio con un almuerzo y merienda compartida. La celebraci\u00f3n ser\u00e1 hoy viernes 1 de mayo, a partir de las 12hs, en la Mutual Primavera&nbsp;&#8211; Santa Marta 5424. Sonia Mendoza, es referente de la Mutual Primavera, y [&hellip;]<\/p>\n","protected":false},"author":1,"featured_media":7406,"comment_status":"open","ping_status":"open","sticky":false,"template":"","format":"standard","meta":{"footnotes":""},"categories":[3],"tags":[],"class_list":["post-7405","post","type-post","status-publish","format-standard","has-post-thumbnail","hentry","category-cultura"],"_links":{"self":[{"href":"https:\/\/fmtinkunaco.ar\/index.php?rest_route=\/wp\/v2\/posts\/7405","targetHints":{"allow":["GET"]}}],"collection":[{"href":"https:\/\/fmtinkunaco.ar\/index.php?rest_route=\/wp\/v2\/posts"}],"about":[{"href":"https:\/\/fmtinkunaco.ar\/index.php?rest_route=\/wp\/v2\/types\/post"}],"author":[{"embeddable":true,"href":"https:\/\/fmtinkunaco.ar\/index.php?rest_route=\/wp\/v2\/users\/1"}],"replies":[{"embeddable":true,"href":"https:\/\/fmtinkunaco.ar\/index.php?rest_route=%2Fwp%2Fv2%2Fcomments&post=7405"}],"version-history":[{"count":1,"href":"https:\/\/fmtinkunaco.ar\/index.php?rest_route=\/wp\/v2\/posts\/7405\/revisions"}],"predecessor-version":[{"id":7407,"href":"https:\/\/fmtinkunaco.ar\/index.php?rest_route=\/wp\/v2\/posts\/7405\/revisions\/7407"}],"wp:featuredmedia":[{"embeddable":true,"href":"https:\/\/fmtinkunaco.ar\/index.php?rest_route=\/wp\/v2\/media\/7406"}],"wp:attachment":[{"href":"https:\/\/fmtinkunaco.ar\/index.php?rest_route=%2Fwp%2Fv2%2Fmedia&parent=7405"}],"wp:term":[{"taxonomy":"category","embeddable":true,"href":"https:\/\/fmtinkunaco.ar\/index.php?rest_route=%2Fwp%2Fv2%2Fcategories&post=7405"},{"taxonomy":"post_tag","embeddable":true,"href":"https:\/\/fmtinkunaco.ar\/index.php?rest_route=%2Fwp%2Fv2%2Ftags&post=7405"}],"curies":[{"name":"wp","href":"https:\/\/api.w.org\/{rel}","templated":true}]}}