{"id":751,"date":"2010-03-15T23:20:00","date_gmt":"2010-03-16T02:20:00","guid":{"rendered":"http:\/\/fmtinkunaco.redelivre.org.br\/algunos-que-vuelven\/"},"modified":"2010-03-15T23:20:00","modified_gmt":"2010-03-16T02:20:00","slug":"algunos-que-vuelven","status":"publish","type":"post","link":"https:\/\/fmtinkunaco.ar\/?p=751","title":{"rendered":"Algunos que Vuelven"},"content":{"rendered":"<p>Volvi\u00f3 \u00abEncuentro con las Noticias\u00bb, <i>el noticiero de los barrios<\/i>. Como en los \u00faltimos a\u00f1os de 9 a 11hs, pero este a\u00f1o tambi\u00e9n sumamos una 2\u00b0 Edici\u00f3n de 17 a19hs. Noticias regionales, nacionales y de latinoamerica m\u00e1s los avisos comunitarios y la agenda cultural estan en la 107.3Mhz.<\/p>\n<p>Otro de los que volvi\u00f3 fue el semanario de actualidad Latinoamericana \u00abLatinoamerica Vive\u00bb con la conducci\u00f3n de Valmiro Mainetti y Fernanda Villanueva. <i>Una ventana a nuestro continente sin la venda en los ojos.<\/i><\/p>\n","protected":false},"excerpt":{"rendered":"<p>Volvi\u00f3 \u00abEncuentro con las Noticias\u00bb, el noticiero de los barrios. Como en los \u00faltimos a\u00f1os de 9 a 11hs, pero este a\u00f1o tambi\u00e9n sumamos una 2\u00b0 Edici\u00f3n de 17 a19hs. Noticias regionales, nacionales y de latinoamerica m\u00e1s los avisos comunitarios y la agenda cultural estan en la 107.3Mhz. Otro de los que volvi\u00f3 fue el [&hellip;]<\/p>\n","protected":false},"author":1,"featured_media":0,"comment_status":"open","ping_status":"open","sticky":false,"template":"","format":"standard","meta":{"footnotes":""},"categories":[8],"tags":[],"class_list":["post-751","post","type-post","status-publish","format-standard","hentry","category-sem-categoria"],"_links":{"self":[{"href":"https:\/\/fmtinkunaco.ar\/index.php?rest_route=\/wp\/v2\/posts\/751","targetHints":{"allow":["GET"]}}],"collection":[{"href":"https:\/\/fmtinkunaco.ar\/index.php?rest_route=\/wp\/v2\/posts"}],"about":[{"href":"https:\/\/fmtinkunaco.ar\/index.php?rest_route=\/wp\/v2\/types\/post"}],"author":[{"embeddable":true,"href":"https:\/\/fmtinkunaco.ar\/index.php?rest_route=\/wp\/v2\/users\/1"}],"replies":[{"embeddable":true,"href":"https:\/\/fmtinkunaco.ar\/index.php?rest_route=%2Fwp%2Fv2%2Fcomments&post=751"}],"version-history":[{"count":0,"href":"https:\/\/fmtinkunaco.ar\/index.php?rest_route=\/wp\/v2\/posts\/751\/revisions"}],"wp:attachment":[{"href":"https:\/\/fmtinkunaco.ar\/index.php?rest_route=%2Fwp%2Fv2%2Fmedia&parent=751"}],"wp:term":[{"taxonomy":"category","embeddable":true,"href":"https:\/\/fmtinkunaco.ar\/index.php?rest_route=%2Fwp%2Fv2%2Fcategories&post=751"},{"taxonomy":"post_tag","embeddable":true,"href":"https:\/\/fmtinkunaco.ar\/index.php?rest_route=%2Fwp%2Fv2%2Ftags&post=751"}],"curies":[{"name":"wp","href":"https:\/\/api.w.org\/{rel}","templated":true}]}}