{"id":7603,"date":"2026-08-31T11:20:49","date_gmt":"2026-08-31T14:20:49","guid":{"rendered":"https:\/\/fmtinkunaco.ar\/?p=7603"},"modified":"2026-08-31T11:43:43","modified_gmt":"2026-08-31T14:43:43","slug":"moreno-ya-se-encuentra-en-construccion-el-edificio-de-casa-tea","status":"publish","type":"post","link":"https:\/\/fmtinkunaco.ar\/?p=7603","title":{"rendered":"Moreno: Ya se encuentra en construcci\u00f3n el edificio de Casa TEA"},"content":{"rendered":"\n<p class=\"wp-block-paragraph\">La organizaci\u00f3n Casa TEA de Cuartel V \u2013 Moreno, ya tiene en proceso la construcci\u00f3n de su edificio para desarrollar y llevar adelante sus actividades y acompa\u00f1amientos. Hasta el momento, desarrollan el d\u00eda a d\u00eda en una casa precaria, por lo cual era necesaria la edificaci\u00f3n.<\/p>\n\n\n\n<p class=\"wp-block-paragraph\">Ana Rodr\u00edguez, fundadora y referente de Casa Tea, explic\u00f3 que la necesidad de un edificio se dio en simult\u00e1neo con el crecimiento de la organizaci\u00f3n, de las actividades, de las personas que actualmente participan del espacio, y adem\u00e1s fue luego acompa\u00f1ada de una decisi\u00f3n pol\u00edtica<em> \u201cCuando nosotros plantemos la posibilidad de una construcci\u00f3n, siempre hubo una buena predisposici\u00f3n desde el \u00e1rea municipal, el tema es que no hab\u00eda los recurso. (\u2026) Tuvimos una reuni\u00f3n en un primer momento, donde nosotros plante\u00e1bamos esto a la Intendenta, y quedo en volver a visitarnos. Y ah\u00ed nuestra sorpresa cuando nos avisan que ven\u00eda la Intendenta a charlar con nosotras sobre la construcci\u00f3n pero jam\u00e1s pens\u00e9 que ven\u00eda con la construcci\u00f3n aprobada y que comenzaba en breve\u201d<\/em>.<\/p>\n\n\n\n<p class=\"wp-block-paragraph\">Rodr\u00edguez, adem\u00e1s comparti\u00f3 <em>\u201cEste espacio va a contar con un zoom, el ba\u00f1o adaptado por supuesto, deposito, cocina, el consultorio porque si bien nosotros articulamos con las \u00e1reas tanto de Desarrollo como Secretar\u00eda de Salud es una realidad que el equipo baja a Casa TEA. (\u2026) contar con esta casa de material brinda una mejor atenci\u00f3n y una mejor calidad tambi\u00e9n en cuanto a los talleres y dem\u00e1s\u201d<\/em>.<\/p>\n\n\n\n<p class=\"wp-block-paragraph\">Finalmente, Ana Rodr\u00edguez, sostuvo <em>\u201cLa obra ya est\u00e1 en marcha, ya est\u00e1 toda la parte de instalaci\u00f3n del agua, de plomer\u00eda la parte de la base ya est\u00e1 hecho, ya llevan un metro de pared. Ya est\u00e1n trabajando en ambas construcciones, en el de la quinta de animales sector granja y en la construcci\u00f3n del edificio\u201d<\/em>.<\/p>\n\n\n\n<p class=\"wp-block-paragraph\">Mientras se realiza la construcci\u00f3n, las actividades y los diferentes talleres contin\u00faan realiz\u00e1ndose.<\/p>\n\n\n\n<p class=\"wp-block-paragraph\">La Casa TEA funciona de lunes a viernes de 9 a 16hs, en La M\u00fasica y Pinazo del barrio Anderson de Cuartel V.<\/p>\n\n\n\n<p class=\"wp-block-paragraph\">Compartimos la entrevista completa<\/p>\n\n\n\n<p class=\"wp-block-paragraph\"><a href=\"https:\/\/archive.org\/details\/audio-ana-rodriguez-casa-tea-31-08\">Descargar<\/a><\/p>\n","protected":false},"excerpt":{"rendered":"<p>La organizaci\u00f3n Casa TEA de Cuartel V \u2013 Moreno, ya tiene en proceso la construcci\u00f3n de su edificio para desarrollar y llevar adelante sus actividades y acompa\u00f1amientos. Hasta el momento, desarrollan el d\u00eda a d\u00eda en una casa precaria, por lo cual era necesaria la edificaci\u00f3n. Ana Rodr\u00edguez, fundadora y referente de Casa Tea, explic\u00f3 [&hellip;]<\/p>\n","protected":false},"author":1,"featured_media":7604,"comment_status":"open","ping_status":"open","sticky":false,"template":"","format":"standard","meta":{"footnotes":""},"categories":[9],"tags":[],"class_list":["post-7603","post","type-post","status-publish","format-standard","has-post-thumbnail","hentry","category-sociedad"],"_links":{"self":[{"href":"https:\/\/fmtinkunaco.ar\/index.php?rest_route=\/wp\/v2\/posts\/7603","targetHints":{"allow":["GET"]}}],"collection":[{"href":"https:\/\/fmtinkunaco.ar\/index.php?rest_route=\/wp\/v2\/posts"}],"about":[{"href":"https:\/\/fmtinkunaco.ar\/index.php?rest_route=\/wp\/v2\/types\/post"}],"author":[{"embeddable":true,"href":"https:\/\/fmtinkunaco.ar\/index.php?rest_route=\/wp\/v2\/users\/1"}],"replies":[{"embeddable":true,"href":"https:\/\/fmtinkunaco.ar\/index.php?rest_route=%2Fwp%2Fv2%2Fcomments&post=7603"}],"version-history":[{"count":2,"href":"https:\/\/fmtinkunaco.ar\/index.php?rest_route=\/wp\/v2\/posts\/7603\/revisions"}],"predecessor-version":[{"id":7606,"href":"https:\/\/fmtinkunaco.ar\/index.php?rest_route=\/wp\/v2\/posts\/7603\/revisions\/7606"}],"wp:featuredmedia":[{"embeddable":true,"href":"https:\/\/fmtinkunaco.ar\/index.php?rest_route=\/wp\/v2\/media\/7604"}],"wp:attachment":[{"href":"https:\/\/fmtinkunaco.ar\/index.php?rest_route=%2Fwp%2Fv2%2Fmedia&parent=7603"}],"wp:term":[{"taxonomy":"category","embeddable":true,"href":"https:\/\/fmtinkunaco.ar\/index.php?rest_route=%2Fwp%2Fv2%2Fcategories&post=7603"},{"taxonomy":"post_tag","embeddable":true,"href":"https:\/\/fmtinkunaco.ar\/index.php?rest_route=%2Fwp%2Fv2%2Ftags&post=7603"}],"curies":[{"name":"wp","href":"https:\/\/api.w.org\/{rel}","templated":true}]}}