{"id":7607,"date":"2026-09-01T11:55:10","date_gmt":"2026-09-01T14:55:10","guid":{"rendered":"https:\/\/fmtinkunaco.ar\/?p=7607"},"modified":"2026-09-01T11:57:01","modified_gmt":"2026-09-01T14:57:01","slug":"mumala-lanzo-un-informe-sobre-el-impacto-de-la-crisis-en-mujeres-y-diversidades","status":"publish","type":"post","link":"https:\/\/fmtinkunaco.ar\/?p=7607","title":{"rendered":"MuMaL\u00e1 lanz\u00f3 un informe sobre el impacto de la crisis en mujeres y diversidades"},"content":{"rendered":"\n<p class=\"wp-block-paragraph\">Desde el Observatorio \u201cMujeres, Disidencias, Derechos\u201d de MuMaL\u00e1, junto al&nbsp;Instituto de Investigaci\u00f3n Social, Econ\u00f3mica y Pol\u00edtica Ciudadana &#8211; ISEPCI, se present\u00f3 el informe sobre el impacto de la crisis econ\u00f3mica en mujeres, lesbianas, gays, bisexuales, travestis, trans, intersex y personas no binarias+ (LGBTTINB+).<\/p>\n\n\n\n<p class=\"wp-block-paragraph\">M\u00f3nica L\u00f3pez, es referente de MuMaL\u00e1 Provincia de Buenos Aires, y explic\u00f3 el motivo de la investigaci\u00f3n <em>\u201cNosotras ven\u00edamos haciendo encuentros donde una de las tem\u00e1ticas fundamentales que surg\u00eda ten\u00edan que ver con la preocupaci\u00f3n de las mujeres, sobre sus econom\u00edas y sobre las deudas que estaban acumulando; entonces en base a eso empezamos a indagar y junto con el ISEPCI generamos una encuesta que se llev\u00f3 a cabo en todo el pa\u00eds entre el 29 de mayo y el 15 de julio, de este a\u00f1o, sobre 1.605 encuestadas que resultaron v\u00e1lidas 1.500, con 41 preguntas y en una edad promedio de mujeres de 40 a\u00f1os y tratamos de indagar sobre sus econom\u00edas y sobre cu\u00e1les eran las cosas que hab\u00edan tenido que recortar en sus compras cotidianas\u201d<\/em>.<\/p>\n\n\n\n<p class=\"wp-block-paragraph\">Algunos de los datos alarmantes que surgieron de este estudio son que un 52% recort\u00f3 la compra de alimentos, un 65% redujo la calidad y la cantidad, por falta de dinero eliminaron el consumo de carne en un 65% y l\u00e1cteos en un 35% y en el 42% de los hogares alg\u00fan integrante se debi\u00f3 saltear una comida.<br>Adem\u00e1s, el 63% est\u00e1 endeudada y el 59% tiene deudas con distintas fuentes simult\u00e1neamente.<\/p>\n\n\n\n<p class=\"wp-block-paragraph\">L\u00f3pez, adem\u00e1s, remarc\u00f3 que un escenario favorable para este contexto, tiene que ver con una decisi\u00f3n pol\u00edtica que no existe <em>\u201cTiene que ver con una situaci\u00f3n pol\u00edtica que estamos atravesando y que estamos viviendo las mujeres y diversidades fuertemente es este tiempo porque todas las pol\u00edticas que han sido dirigidas a nosotres, han sido recortadas y en esto tiene que ver el actual gobierno nacional. (\u2026) No creemos que sea este gobierno el que nos va a dar soluciones, creo que nos tenemos que organizar pol\u00edticamente para discutir el gobierno que necesitamos y las pol\u00edticas p\u00fablicas que necesitamos para mujeres y diversidades\u201d<\/em>.<\/p>\n\n\n\n<p class=\"wp-block-paragraph\">Par\u00e1 ver el informe completo hacer clic <a href=\"https:\/\/mumala.online\/\">aqu\u00ed.<\/a><\/p>\n\n\n\n<p class=\"wp-block-paragraph\">Compartimos la entrevista completa<\/p>\n\n\n\n<p class=\"wp-block-paragraph\">Descargar<\/p>\n\n\n\n<figure class=\"wp-block-embed is-type-rich is-provider-gestor-del-servicio wp-block-embed-gestor-del-servicio\"><div class=\"wp-block-embed__wrapper\">\n<audio class=\"wp-audio-shortcode\" id=\"audio-7607-1\" preload=\"none\" style=\"width: 100%;\" controls=\"controls\"><source type=\"audio\/mpeg\" src=\"https:\/\/dn721905.ca.archive.org\/0\/items\/audio-monica-lopez-mumala-provincia-bs-as-01-09\/AUDIO%20-%20MONICA%20LOPEZ%20%28MUMALA%20PROVINCIA%20BS%20AS%29%2001%2009.mp3?_=1\" \/><a href=\"https:\/\/dn721905.ca.archive.org\/0\/items\/audio-monica-lopez-mumala-provincia-bs-as-01-09\/AUDIO%20-%20MONICA%20LOPEZ%20%28MUMALA%20PROVINCIA%20BS%20AS%29%2001%2009.mp3\">https:\/\/dn721905.ca.archive.org\/0\/items\/audio-monica-lopez-mumala-provincia-bs-as-01-09\/AUDIO%20-%20MONICA%20LOPEZ%20%28MUMALA%20PROVINCIA%20BS%20AS%29%2001%2009.mp3<\/a><\/audio>\n<\/div><\/figure>\n","protected":false},"excerpt":{"rendered":"<p>Desde el Observatorio \u201cMujeres, Disidencias, Derechos\u201d de MuMaL\u00e1, junto al&nbsp;Instituto de Investigaci\u00f3n Social, Econ\u00f3mica y Pol\u00edtica Ciudadana &#8211; ISEPCI, se present\u00f3 el informe sobre el impacto de la crisis econ\u00f3mica en mujeres, lesbianas, gays, bisexuales, travestis, trans, intersex y personas no binarias+ (LGBTTINB+). M\u00f3nica L\u00f3pez, es referente de MuMaL\u00e1 Provincia de Buenos Aires, y explic\u00f3 [&hellip;]<\/p>\n","protected":false},"author":1,"featured_media":7608,"comment_status":"open","ping_status":"open","sticky":false,"template":"","format":"standard","meta":{"footnotes":""},"categories":[6,9],"tags":[],"class_list":["post-7607","post","type-post","status-publish","format-standard","has-post-thumbnail","hentry","category-genero","category-sociedad"],"_links":{"self":[{"href":"https:\/\/fmtinkunaco.ar\/index.php?rest_route=\/wp\/v2\/posts\/7607","targetHints":{"allow":["GET"]}}],"collection":[{"href":"https:\/\/fmtinkunaco.ar\/index.php?rest_route=\/wp\/v2\/posts"}],"about":[{"href":"https:\/\/fmtinkunaco.ar\/index.php?rest_route=\/wp\/v2\/types\/post"}],"author":[{"embeddable":true,"href":"https:\/\/fmtinkunaco.ar\/index.php?rest_route=\/wp\/v2\/users\/1"}],"replies":[{"embeddable":true,"href":"https:\/\/fmtinkunaco.ar\/index.php?rest_route=%2Fwp%2Fv2%2Fcomments&post=7607"}],"version-history":[{"count":3,"href":"https:\/\/fmtinkunaco.ar\/index.php?rest_route=\/wp\/v2\/posts\/7607\/revisions"}],"predecessor-version":[{"id":7611,"href":"https:\/\/fmtinkunaco.ar\/index.php?rest_route=\/wp\/v2\/posts\/7607\/revisions\/7611"}],"wp:featuredmedia":[{"embeddable":true,"href":"https:\/\/fmtinkunaco.ar\/index.php?rest_route=\/wp\/v2\/media\/7608"}],"wp:attachment":[{"href":"https:\/\/fmtinkunaco.ar\/index.php?rest_route=%2Fwp%2Fv2%2Fmedia&parent=7607"}],"wp:term":[{"taxonomy":"category","embeddable":true,"href":"https:\/\/fmtinkunaco.ar\/index.php?rest_route=%2Fwp%2Fv2%2Fcategories&post=7607"},{"taxonomy":"post_tag","embeddable":true,"href":"https:\/\/fmtinkunaco.ar\/index.php?rest_route=%2Fwp%2Fv2%2Ftags&post=7607"}],"curies":[{"name":"wp","href":"https:\/\/api.w.org\/{rel}","templated":true}]}}