{"id":7612,"date":"2026-09-04T09:58:41","date_gmt":"2026-09-04T12:58:41","guid":{"rendered":"https:\/\/fmtinkunaco.ar\/?p=7612"},"modified":"2026-09-04T09:59:28","modified_gmt":"2026-09-04T12:59:28","slug":"tren-san-martin-servicio-limitado-el-domingo-6-de-septiembre","status":"publish","type":"post","link":"https:\/\/fmtinkunaco.ar\/?p=7612","title":{"rendered":"Tren San Mart\u00edn: Servicio limitado el domingo 6 de septiembre"},"content":{"rendered":"\n<p class=\"wp-block-paragraph\">El pr\u00f3ximo domingo 6 de septiembre, los servicios entre Retiro y Jos\u00e9. C. Paz funcionar\u00e1n de manera limitada y los servicios entre Jos\u00e9. C. Paz y Pilar \u2013 Cabred no circular\u00e1n por obras.<\/p>\n\n\n\n<p class=\"wp-block-paragraph\">Alejandro Alvite, es trabajador del Ferrocarril San Mart\u00edn, y explic\u00f3 <em>\u201cEste pr\u00f3ximo domingo 6 el servicio de trenes se va a ver afectado debido a los trabajos que se realizan en el paso a nivel Chacabuco, que se encuentra entre Jos\u00e9. C. Paz y Sol y Verde; por ese motivo, el domingo, los trenes van a tener un servicio limitado entre Retiro y Jos\u00e9. C. Paz y no habr\u00e1 servicios entre Jos\u00e9. C. Paz \u2013 Pilar \u2013 Cabred, lo que implica un recorte en la cantidad de servicios y el kilometraje recorrido\u201d<\/em>.<\/p>\n\n\n\n<p class=\"wp-block-paragraph\">Alvite, adem\u00e1s explic\u00f3 <em>\u201cEl trabajo en el paso a nivel Chacabuco va a llevar, aproximadamente, 45 d\u00edas tiempo durante el cual el paso va a estar cortado y va a haber que reemplazarlos en el tr\u00e1fico vehicular por los pasos a nivel Pi\u00f1eyro o directamente Jos\u00e9. C. Paz. Lo cierto es que va a haber que tomarse con calma porque este evento puede ser que se repita en las pr\u00f3ximas semanas\u201d<\/em>.<\/p>\n\n\n\n<p class=\"wp-block-paragraph\">Compartimos entrevista completa<\/p>\n\n\n\n<p class=\"wp-block-paragraph\"><a href=\"https:\/\/archive.org\/details\/audio-alejandro-alvite-ffcc-san-martin-04-09\">Descargar<\/a><\/p>\n\n\n\n<figure class=\"wp-block-embed is-type-rich is-provider-gestor-del-servicio wp-block-embed-gestor-del-servicio\"><div class=\"wp-block-embed__wrapper\">\n<audio class=\"wp-audio-shortcode\" id=\"audio-7612-1\" preload=\"none\" style=\"width: 100%;\" controls=\"controls\"><source type=\"audio\/mpeg\" src=\"https:\/\/dn711104.ca.archive.org\/0\/items\/audio-alejandro-alvite-ffcc-san-martin-04-09\/AUDIO%20-%20ALEJANDRO%20ALVITE%20%28FFCC%20SAN%20MARTIN%29%2004%2009.mp3?_=1\" \/><a href=\"https:\/\/dn711104.ca.archive.org\/0\/items\/audio-alejandro-alvite-ffcc-san-martin-04-09\/AUDIO%20-%20ALEJANDRO%20ALVITE%20%28FFCC%20SAN%20MARTIN%29%2004%2009.mp3\">https:\/\/dn711104.ca.archive.org\/0\/items\/audio-alejandro-alvite-ffcc-san-martin-04-09\/AUDIO%20-%20ALEJANDRO%20ALVITE%20%28FFCC%20SAN%20MARTIN%29%2004%2009.mp3<\/a><\/audio>\n<\/div><\/figure>\n","protected":false},"excerpt":{"rendered":"<p>El pr\u00f3ximo domingo 6 de septiembre, los servicios entre Retiro y Jos\u00e9. C. Paz funcionar\u00e1n de manera limitada y los servicios entre Jos\u00e9. C. Paz y Pilar \u2013 Cabred no circular\u00e1n por obras. Alejandro Alvite, es trabajador del Ferrocarril San Mart\u00edn, y explic\u00f3 \u201cEste pr\u00f3ximo domingo 6 el servicio de trenes se va a ver [&hellip;]<\/p>\n","protected":false},"author":1,"featured_media":7615,"comment_status":"open","ping_status":"open","sticky":false,"template":"","format":"standard","meta":{"footnotes":""},"categories":[9],"tags":[],"class_list":["post-7612","post","type-post","status-publish","format-standard","has-post-thumbnail","hentry","category-sociedad"],"_links":{"self":[{"href":"https:\/\/fmtinkunaco.ar\/index.php?rest_route=\/wp\/v2\/posts\/7612","targetHints":{"allow":["GET"]}}],"collection":[{"href":"https:\/\/fmtinkunaco.ar\/index.php?rest_route=\/wp\/v2\/posts"}],"about":[{"href":"https:\/\/fmtinkunaco.ar\/index.php?rest_route=\/wp\/v2\/types\/post"}],"author":[{"embeddable":true,"href":"https:\/\/fmtinkunaco.ar\/index.php?rest_route=\/wp\/v2\/users\/1"}],"replies":[{"embeddable":true,"href":"https:\/\/fmtinkunaco.ar\/index.php?rest_route=%2Fwp%2Fv2%2Fcomments&post=7612"}],"version-history":[{"count":1,"href":"https:\/\/fmtinkunaco.ar\/index.php?rest_route=\/wp\/v2\/posts\/7612\/revisions"}],"predecessor-version":[{"id":7614,"href":"https:\/\/fmtinkunaco.ar\/index.php?rest_route=\/wp\/v2\/posts\/7612\/revisions\/7614"}],"wp:featuredmedia":[{"embeddable":true,"href":"https:\/\/fmtinkunaco.ar\/index.php?rest_route=\/wp\/v2\/media\/7615"}],"wp:attachment":[{"href":"https:\/\/fmtinkunaco.ar\/index.php?rest_route=%2Fwp%2Fv2%2Fmedia&parent=7612"}],"wp:term":[{"taxonomy":"category","embeddable":true,"href":"https:\/\/fmtinkunaco.ar\/index.php?rest_route=%2Fwp%2Fv2%2Fcategories&post=7612"},{"taxonomy":"post_tag","embeddable":true,"href":"https:\/\/fmtinkunaco.ar\/index.php?rest_route=%2Fwp%2Fv2%2Ftags&post=7612"}],"curies":[{"name":"wp","href":"https:\/\/api.w.org\/{rel}","templated":true}]}}