{"id":7617,"date":"2026-09-04T10:37:12","date_gmt":"2026-09-04T13:37:12","guid":{"rendered":"https:\/\/fmtinkunaco.ar\/?p=7617"},"modified":"2026-09-04T10:37:12","modified_gmt":"2026-09-04T13:37:12","slug":"10-anos-del-festival-alza-la-mano","status":"publish","type":"post","link":"https:\/\/fmtinkunaco.ar\/?p=7617","title":{"rendered":"10 A\u00f1os del Festival Alza la Mano"},"content":{"rendered":"\n<p class=\"wp-block-paragraph\">El <strong>Festival de Danza del Conurbano \u201cAlza la Mano\u201d<\/strong> cumple 10 a\u00f1os y lo celebra del 4 al 13 de septiembre en la Herrer\u00eda Teatro \u2013 Sarmiento y Arg\u00fcero, San Miguel \u2013 con Talleres, Jam y Funciones.<\/p>\n\n\n\n<p class=\"wp-block-paragraph\">Florencia Novo, es referente de la organizaci\u00f3n del Festival Alza la Mano, y comparti\u00f3 sus sentires frente a estos 10 a\u00f1os de trabajo <em>\u201cEstamos con much\u00edsima nostalgia, estamos con una programaci\u00f3n muy hermosa, tambi\u00e9n 10 a\u00f1os de festival nos permiten pensar c\u00f3mo impacta en el p\u00fablico tambi\u00e9n, ayer estaba reflexionando sobre el tiempo y hubo funciones con mucha gente, hubo funciones con poca gente, entonces de qu\u00e9 manera seguir haci\u00e9ndonos preguntas en relaci\u00f3n a la danza y que es lo que a la gente le copa, de qu\u00e9 manera habilitar otras propuestas que no son tan habituales de ver pero tambi\u00e9n est\u00e1 buen\u00edsimo que est\u00e9n dentro del festival, entonces en funci\u00f3n de esas preguntas es que armamos la programaci\u00f3n de este a\u00f1o\u201d<\/em>.<\/p>\n\n\n\n<p class=\"wp-block-paragraph\">Novo, adem\u00e1s, se refiri\u00f3 al balance que realizan de estos a\u00f1os de trabajo <em>\u201cFue pensar de qu\u00e9 manera seguir habilitando y facilitando el acceso a la danza, a ver, a practicarla, muchas veces la danza nos queda un poco lejos desde la formaci\u00f3n, desde las propuestas, las producciones, entonces la pregunta de c\u00f3mo seguir trayendo propuestas, tambi\u00e9n poniendo el valor las que son del propio territorio\u201d<\/em>.<\/p>\n\n\n\n<p class=\"wp-block-paragraph\">El Festival arranca hoy, con una propuesta de Milonga y clase de tango abierta que adem\u00e1s contar\u00e1 con m\u00fasica en vivo, a partir de las 20.30hs en Sarmiento y Arg\u00fcero, San Miguel.<\/p>\n\n\n\n<p class=\"wp-block-paragraph\">Para acceder a la propuesta completa, hace click <a href=\"https:\/\/www.instagram.com\/festivalalzalamano\/\">aqu\u00ed.<\/a><\/p>\n\n\n\n<p class=\"wp-block-paragraph\">Compartimos entrevista completa<\/p>\n\n\n\n<p class=\"wp-block-paragraph\"><a href=\"https:\/\/archive.org\/details\/audio-florencia-novo-festival-alza-la-mano-04-09\">Descargar<\/a><\/p>\n\n\n\n<figure class=\"wp-block-embed is-type-rich is-provider-gestor-del-servicio wp-block-embed-gestor-del-servicio\"><div class=\"wp-block-embed__wrapper\">\n<audio class=\"wp-audio-shortcode\" id=\"audio-7617-1\" preload=\"none\" style=\"width: 100%;\" controls=\"controls\"><source type=\"audio\/mpeg\" src=\"https:\/\/dn720004.ca.archive.org\/0\/items\/audio-florencia-novo-festival-alza-la-mano-04-09\/AUDIO%20-%20FLORENCIA%20NOVO%20%28FESTIVAL%20ALZA%20LA%20MANO%29%2004%2009.mp3?_=1\" \/><a href=\"https:\/\/dn720004.ca.archive.org\/0\/items\/audio-florencia-novo-festival-alza-la-mano-04-09\/AUDIO%20-%20FLORENCIA%20NOVO%20%28FESTIVAL%20ALZA%20LA%20MANO%29%2004%2009.mp3\">https:\/\/dn720004.ca.archive.org\/0\/items\/audio-florencia-novo-festival-alza-la-mano-04-09\/AUDIO%20-%20FLORENCIA%20NOVO%20%28FESTIVAL%20ALZA%20LA%20MANO%29%2004%2009.mp3<\/a><\/audio>\n<\/div><\/figure>\n","protected":false},"excerpt":{"rendered":"<p>El Festival de Danza del Conurbano \u201cAlza la Mano\u201d cumple 10 a\u00f1os y lo celebra del 4 al 13 de septiembre en la Herrer\u00eda Teatro \u2013 Sarmiento y Arg\u00fcero, San Miguel \u2013 con Talleres, Jam y Funciones. Florencia Novo, es referente de la organizaci\u00f3n del Festival Alza la Mano, y comparti\u00f3 sus sentires frente a [&hellip;]<\/p>\n","protected":false},"author":1,"featured_media":7618,"comment_status":"open","ping_status":"open","sticky":false,"template":"","format":"standard","meta":{"footnotes":""},"categories":[1],"tags":[],"class_list":["post-7617","post","type-post","status-publish","format-standard","has-post-thumbnail","hentry","category-blog"],"_links":{"self":[{"href":"https:\/\/fmtinkunaco.ar\/index.php?rest_route=\/wp\/v2\/posts\/7617","targetHints":{"allow":["GET"]}}],"collection":[{"href":"https:\/\/fmtinkunaco.ar\/index.php?rest_route=\/wp\/v2\/posts"}],"about":[{"href":"https:\/\/fmtinkunaco.ar\/index.php?rest_route=\/wp\/v2\/types\/post"}],"author":[{"embeddable":true,"href":"https:\/\/fmtinkunaco.ar\/index.php?rest_route=\/wp\/v2\/users\/1"}],"replies":[{"embeddable":true,"href":"https:\/\/fmtinkunaco.ar\/index.php?rest_route=%2Fwp%2Fv2%2Fcomments&post=7617"}],"version-history":[{"count":1,"href":"https:\/\/fmtinkunaco.ar\/index.php?rest_route=\/wp\/v2\/posts\/7617\/revisions"}],"predecessor-version":[{"id":7619,"href":"https:\/\/fmtinkunaco.ar\/index.php?rest_route=\/wp\/v2\/posts\/7617\/revisions\/7619"}],"wp:featuredmedia":[{"embeddable":true,"href":"https:\/\/fmtinkunaco.ar\/index.php?rest_route=\/wp\/v2\/media\/7618"}],"wp:attachment":[{"href":"https:\/\/fmtinkunaco.ar\/index.php?rest_route=%2Fwp%2Fv2%2Fmedia&parent=7617"}],"wp:term":[{"taxonomy":"category","embeddable":true,"href":"https:\/\/fmtinkunaco.ar\/index.php?rest_route=%2Fwp%2Fv2%2Fcategories&post=7617"},{"taxonomy":"post_tag","embeddable":true,"href":"https:\/\/fmtinkunaco.ar\/index.php?rest_route=%2Fwp%2Fv2%2Ftags&post=7617"}],"curies":[{"name":"wp","href":"https:\/\/api.w.org\/{rel}","templated":true}]}}