{"id":976,"date":"2009-07-17T20:34:00","date_gmt":"2009-07-17T23:34:00","guid":{"rendered":"http:\/\/fmtinkunaco.redelivre.org.br\/despidos-en-la-panificadora-fargo-de-moreno\/"},"modified":"2009-07-17T20:34:00","modified_gmt":"2009-07-17T23:34:00","slug":"despidos-en-la-panificadora-fargo-de-moreno","status":"publish","type":"post","link":"https:\/\/fmtinkunaco.ar\/?p=976","title":{"rendered":"Despidos en la panificadora FARGO de Moreno."},"content":{"rendered":"<p>Diecinueve obreros de la fabrica fargo en moreno fueron despedidos sin motivo alguno y desde el domingo se encuentran concentrados en la puerta de la fabrica.<\/p>\n<p>Desde el domingo los obreros de la planta de Fargo Morenos est\u00e1n llevando adelante medidas de fuerza por el despido de 19 obreros que ya hab\u00edan querido despedir hace 2 a\u00f1os.<\/p>\n<p><a href=\"http:\/\/3.bp.blogspot.com\/_aUP2AqqX_a8\/SmELh0qUSCI\/AAAAAAAABNE\/J6xIQVHeXqM\/s1600-h\/100_1744.jpg\"><img decoding=\"async\" style=\"margin:0px auto 10px;text-align:center;cursor:pointer;cursor:hand;width: 400px;height: 300px\" src=\"http:\/\/3.bp.blogspot.com\/_aUP2AqqX_a8\/SmELh0qUSCI\/AAAAAAAABNE\/J6xIQVHeXqM\/s400\/100_1744.jpg\" border=\"0\" \/><\/a><\/p>\n<p>La empresa en respuesta a las medidas de fuerza de cese de actividades en el lugar de trabajo dijo que todo el turno tarde iba a ser despedido por sumarse a los reclamos. Se trata de 70 trabajadores.<\/p>\n<p>En la planta de Fargo Moreno trabajan 250 obreros que est\u00e1n exigiendo la reincorporaci\u00f3n de sus 19 compa\u00f1eros. Estos 19 trabajadores no son delegados de la planta pero siempre han apoyado y promovido que se cumplan con los derechos de sus compa\u00f1eros.<\/p>\n<p><a href=\"http:\/\/4.bp.blogspot.com\/_aUP2AqqX_a8\/SmELCrR-RuI\/AAAAAAAABM8\/MtzxOAF1-bw\/s1600-h\/100_1748.jpg\"><img decoding=\"async\" style=\"margin:0px auto 10px;text-align:center;cursor:pointer;cursor:hand;width: 400px;height: 300px\" src=\"http:\/\/4.bp.blogspot.com\/_aUP2AqqX_a8\/SmELCrR-RuI\/AAAAAAAABM8\/MtzxOAF1-bw\/s400\/100_1748.jpg\" border=\"0\" \/><\/a><\/p>\n<p>Mientras tanto dentro de la planta se esta llevando adelante un paro en solidaridad a los despedidos.  <br \/>La patronal promete mas despidos si los empleados no levanantan el paro.<\/p>\n<p>Estuvimos en Moreno dialogando con Ariel Crus, obrero de la fabrica<\/p>\n<p>Para descargar esta entrevista <a href=\"http:\/\/www.archive.org\/download\/EntrevistaAObreroFargo\/ArielRuisObreroFargoCompleto.mp3\">click aca<\/a><\/p>\n","protected":false},"excerpt":{"rendered":"<p>Diecinueve obreros de la fabrica fargo en moreno fueron despedidos sin motivo alguno y desde el domingo se encuentran concentrados en la puerta de la fabrica. Desde el domingo los obreros de la planta de Fargo Morenos est\u00e1n llevando adelante medidas de fuerza por el despido de 19 obreros que ya hab\u00edan querido despedir hace [&hellip;]<\/p>\n","protected":false},"author":1,"featured_media":0,"comment_status":"open","ping_status":"open","sticky":false,"template":"","format":"standard","meta":{"footnotes":""},"categories":[8],"tags":[],"class_list":["post-976","post","type-post","status-publish","format-standard","hentry","category-sem-categoria"],"_links":{"self":[{"href":"https:\/\/fmtinkunaco.ar\/index.php?rest_route=\/wp\/v2\/posts\/976","targetHints":{"allow":["GET"]}}],"collection":[{"href":"https:\/\/fmtinkunaco.ar\/index.php?rest_route=\/wp\/v2\/posts"}],"about":[{"href":"https:\/\/fmtinkunaco.ar\/index.php?rest_route=\/wp\/v2\/types\/post"}],"author":[{"embeddable":true,"href":"https:\/\/fmtinkunaco.ar\/index.php?rest_route=\/wp\/v2\/users\/1"}],"replies":[{"embeddable":true,"href":"https:\/\/fmtinkunaco.ar\/index.php?rest_route=%2Fwp%2Fv2%2Fcomments&post=976"}],"version-history":[{"count":0,"href":"https:\/\/fmtinkunaco.ar\/index.php?rest_route=\/wp\/v2\/posts\/976\/revisions"}],"wp:attachment":[{"href":"https:\/\/fmtinkunaco.ar\/index.php?rest_route=%2Fwp%2Fv2%2Fmedia&parent=976"}],"wp:term":[{"taxonomy":"category","embeddable":true,"href":"https:\/\/fmtinkunaco.ar\/index.php?rest_route=%2Fwp%2Fv2%2Fcategories&post=976"},{"taxonomy":"post_tag","embeddable":true,"href":"https:\/\/fmtinkunaco.ar\/index.php?rest_route=%2Fwp%2Fv2%2Ftags&post=976"}],"curies":[{"name":"wp","href":"https:\/\/api.w.org\/{rel}","templated":true}]}}